{"id":145129,"date":"2022-01-08T14:57:40","date_gmt":"2022-01-08T17:57:40","guid":{"rendered":"http:\/\/www.cronicasdeitarantim.com.br\/v1\/?p=145129"},"modified":"2022-01-08T14:57:40","modified_gmt":"2022-01-08T17:57:40","slug":"homem-que-morreu-em-acidente-no-marcal-foi-identificado-e-completava-anos-hoje","status":"publish","type":"post","link":"https:\/\/www.cronicasdeitarantim.com.br\/v1\/2022\/01\/08\/homem-que-morreu-em-acidente-no-marcal-foi-identificado-e-completava-anos-hoje\/","title":{"rendered":"Homem que morreu em acidente no Mar\u00e7al foi identificado e completava anos hoje"},"content":{"rendered":"<h5>Homem que morreu neste s\u00e1bado (8) v\u00edtima de um grave acidente na Serra do Mar\u00e7al num caminh\u00e3o ba\u00fa que transportava cestas b\u00e1sicas, foi identificado pelo nome de Eumar Saraiva e estava vindo da cidade de Alcoba\u00e7a no extremo sul baiano. Eumar morreu no dia de seu anivers\u00e1rio. Com ele havia mais uma pessoa, que est\u00e1 internado no Hospital de Base de Vit\u00f3ria da Conquista. N\u00e3o temos informa\u00e7\u00f5es sobre seu estado de sa\u00fade.<\/h5>\n<p>&nbsp;<\/p>\n","protected":false},"excerpt":{"rendered":"<p>Homem que morreu neste s\u00e1bado (8) v\u00edtima de um grave acidente na Serra do Mar\u00e7al num caminh\u00e3o ba\u00fa que transportava cestas b\u00e1sicas, foi identificado pelo nome de Eumar Saraiva e estava vindo da cidade de Alcoba\u00e7a no extremo sul baiano. Eumar morreu no dia de seu anivers\u00e1rio. Com ele havia mais uma pessoa, que est\u00e1 internado no Hospital de Base de Vit\u00f3ria da Conquista. N\u00e3o temos informa\u00e7\u00f5es sobre seu estado de sa\u00fade. &nbsp;<\/p>\n","protected":false},"author":4,"featured_media":0,"comment_status":"open","ping_status":"open","sticky":false,"template":"","format":"standard","meta":[],"categories":[1],"tags":[594,76],"_links":{"self":[{"href":"https:\/\/www.cronicasdeitarantim.com.br\/v1\/wp-json\/wp\/v2\/posts\/145129"}],"collection":[{"href":"https:\/\/www.cronicasdeitarantim.com.br\/v1\/wp-json\/wp\/v2\/posts"}],"about":[{"href":"https:\/\/www.cronicasdeitarantim.com.br\/v1\/wp-json\/wp\/v2\/types\/post"}],"author":[{"embeddable":true,"href":"https:\/\/www.cronicasdeitarantim.com.br\/v1\/wp-json\/wp\/v2\/users\/4"}],"replies":[{"embeddable":true,"href":"https:\/\/www.cronicasdeitarantim.com.br\/v1\/wp-json\/wp\/v2\/comments?post=145129"}],"version-history":[{"count":2,"href":"https:\/\/www.cronicasdeitarantim.com.br\/v1\/wp-json\/wp\/v2\/posts\/145129\/revisions"}],"predecessor-version":[{"id":145131,"href":"https:\/\/www.cronicasdeitarantim.com.br\/v1\/wp-json\/wp\/v2\/posts\/145129\/revisions\/145131"}],"wp:attachment":[{"href":"https:\/\/www.cronicasdeitarantim.com.br\/v1\/wp-json\/wp\/v2\/media?parent=145129"}],"wp:term":[{"taxonomy":"category","embeddable":true,"href":"https:\/\/www.cronicasdeitarantim.com.br\/v1\/wp-json\/wp\/v2\/categories?post=145129"},{"taxonomy":"post_tag","embeddable":true,"href":"https:\/\/www.cronicasdeitarantim.com.br\/v1\/wp-json\/wp\/v2\/tags?post=145129"}],"curies":[{"name":"wp","href":"https:\/\/api.w.org\/{rel}","templated":true}]}}