{"id":144157,"date":"2021-11-26T21:20:15","date_gmt":"2021-11-27T00:20:15","guid":{"rendered":"http:\/\/www.cronicasdeitarantim.com.br\/v1\/?p=144157"},"modified":"2021-11-26T21:21:01","modified_gmt":"2021-11-27T00:21:01","slug":"guarda-municipal-de-itarantim-prende-individuo-suspeito-de-estupro-na-cidade-de-maiquinique","status":"publish","type":"post","link":"https:\/\/www.cronicasdeitarantim.com.br\/v1\/2021\/11\/26\/guarda-municipal-de-itarantim-prende-individuo-suspeito-de-estupro-na-cidade-de-maiquinique\/","title":{"rendered":"Guarda Municipal de Itarantim prende indiv\u00edduo suspeito de estupro na cidade de Maiquinique"},"content":{"rendered":"<h4>A Guarda Municipal de Itarantim prendeu na tarde desta sexta-feira (26) um indiv\u00edduo identificado como Willian de Jesus Silva, da cidade de Maiquinique, com mandato de pris\u00e3o em aberto pela justi\u00e7a.<\/h4>\n<h4>Willian \u00e9 acusado de estupro na cidade de Maiquinique juntamente com outro homem identificado como Valdete Martins Lisboa, que, tamb\u00e9m estava com mandato de pris\u00e3o e foi preso na cidade Ibicara\u00ed no sul da Bahia.<\/h4>\n<h4>De acordo informa\u00e7\u00f5es dos GCMs de Itarantim, Willian foi preso na rodovi\u00e1ria da cidade e se encontra na delegacia da cidade a disposi\u00e7\u00e3o da justi\u00e7a.<\/h4>\n","protected":false},"excerpt":{"rendered":"<p>A Guarda Municipal de Itarantim prendeu na tarde desta sexta-feira (26) um indiv\u00edduo identificado como Willian de Jesus Silva, da cidade de Maiquinique, com mandato de pris\u00e3o em aberto pela justi\u00e7a. Willian \u00e9 acusado de estupro na cidade de Maiquinique juntamente com outro homem identificado como Valdete Martins Lisboa, que, tamb\u00e9m estava com mandato de pris\u00e3o e foi preso na cidade Ibicara\u00ed no sul da Bahia. De acordo informa\u00e7\u00f5es dos GCMs de Itarantim, Willian foi preso na rodovi\u00e1ria da cidade e se encontra na delegacia da cidade a disposi\u00e7\u00e3o da justi\u00e7a.<\/p>\n","protected":false},"author":4,"featured_media":0,"comment_status":"open","ping_status":"open","sticky":false,"template":"","format":"standard","meta":[],"categories":[306],"tags":[1415,385,392,434],"_links":{"self":[{"href":"https:\/\/www.cronicasdeitarantim.com.br\/v1\/wp-json\/wp\/v2\/posts\/144157"}],"collection":[{"href":"https:\/\/www.cronicasdeitarantim.com.br\/v1\/wp-json\/wp\/v2\/posts"}],"about":[{"href":"https:\/\/www.cronicasdeitarantim.com.br\/v1\/wp-json\/wp\/v2\/types\/post"}],"author":[{"embeddable":true,"href":"https:\/\/www.cronicasdeitarantim.com.br\/v1\/wp-json\/wp\/v2\/users\/4"}],"replies":[{"embeddable":true,"href":"https:\/\/www.cronicasdeitarantim.com.br\/v1\/wp-json\/wp\/v2\/comments?post=144157"}],"version-history":[{"count":5,"href":"https:\/\/www.cronicasdeitarantim.com.br\/v1\/wp-json\/wp\/v2\/posts\/144157\/revisions"}],"predecessor-version":[{"id":144162,"href":"https:\/\/www.cronicasdeitarantim.com.br\/v1\/wp-json\/wp\/v2\/posts\/144157\/revisions\/144162"}],"wp:attachment":[{"href":"https:\/\/www.cronicasdeitarantim.com.br\/v1\/wp-json\/wp\/v2\/media?parent=144157"}],"wp:term":[{"taxonomy":"category","embeddable":true,"href":"https:\/\/www.cronicasdeitarantim.com.br\/v1\/wp-json\/wp\/v2\/categories?post=144157"},{"taxonomy":"post_tag","embeddable":true,"href":"https:\/\/www.cronicasdeitarantim.com.br\/v1\/wp-json\/wp\/v2\/tags?post=144157"}],"curies":[{"name":"wp","href":"https:\/\/api.w.org\/{rel}","templated":true}]}}