{"id":143840,"date":"2021-11-14T13:57:01","date_gmt":"2021-11-14T16:57:01","guid":{"rendered":"http:\/\/www.cronicasdeitarantim.com.br\/v1\/?p=143840"},"modified":"2021-11-14T13:59:25","modified_gmt":"2021-11-14T16:59:25","slug":"tragedia-em-itambe-homem-morre-eletrocutada","status":"publish","type":"post","link":"https:\/\/www.cronicasdeitarantim.com.br\/v1\/2021\/11\/14\/tragedia-em-itambe-homem-morre-eletrocutada\/","title":{"rendered":"Trag\u00e9dia em Itamb\u00e9, homem morre eletrocutada"},"content":{"rendered":"<h4>A trag\u00e9dia aconteceu na manh\u00e3 deste domingo (14) na cidade Itamb\u00e9, um homem identificado como Willam morreu eletrocutado quando fazia instala\u00e7\u00e3o de internet num poste.<\/h4>\n<p><img decoding=\"async\" loading=\"lazy\" class=\"size-medium wp-image-143846 alignleft\" src=\"http:\/\/www.cronicasdeitarantim.com.br\/v1\/wp-content\/uploads\/2021\/11\/896be874-d3f7-4a5a-812d-6fd61fb49ae8-300x178.jpg\" alt=\"\" width=\"300\" height=\"178\" \/><\/p>\n<h4>Ainda de acordo informa\u00e7\u00f5es da pol\u00edcia da cidade, o corpo do rapaz ficou pendurado no poste. segundo informa\u00e7\u00f5es do Ireporter, o homem n\u00e3o usava luvas apropriadas no momento em que recebeu a descarga el\u00e9trica. A cidade est\u00e1 chocada com a not\u00edcia da morte de William, o corpo foi levado para o IML de Itapetinga.<\/h4>\n","protected":false},"excerpt":{"rendered":"<p>A trag\u00e9dia aconteceu na manh\u00e3 deste domingo (14) na cidade Itamb\u00e9, um homem identificado como Willam morreu eletrocutado quando fazia instala\u00e7\u00e3o de internet num poste. Ainda de acordo informa\u00e7\u00f5es da pol\u00edcia da cidade, o corpo do rapaz ficou pendurado no poste. segundo informa\u00e7\u00f5es do Ireporter, o homem n\u00e3o usava luvas apropriadas no momento em que recebeu a descarga el\u00e9trica. A cidade est\u00e1 chocada com a not\u00edcia da morte de William, o corpo foi levado para o IML de Itapetinga.<\/p>\n","protected":false},"author":4,"featured_media":0,"comment_status":"open","ping_status":"open","sticky":false,"template":"","format":"standard","meta":[],"categories":[1],"tags":[423,540],"_links":{"self":[{"href":"https:\/\/www.cronicasdeitarantim.com.br\/v1\/wp-json\/wp\/v2\/posts\/143840"}],"collection":[{"href":"https:\/\/www.cronicasdeitarantim.com.br\/v1\/wp-json\/wp\/v2\/posts"}],"about":[{"href":"https:\/\/www.cronicasdeitarantim.com.br\/v1\/wp-json\/wp\/v2\/types\/post"}],"author":[{"embeddable":true,"href":"https:\/\/www.cronicasdeitarantim.com.br\/v1\/wp-json\/wp\/v2\/users\/4"}],"replies":[{"embeddable":true,"href":"https:\/\/www.cronicasdeitarantim.com.br\/v1\/wp-json\/wp\/v2\/comments?post=143840"}],"version-history":[{"count":5,"href":"https:\/\/www.cronicasdeitarantim.com.br\/v1\/wp-json\/wp\/v2\/posts\/143840\/revisions"}],"predecessor-version":[{"id":143847,"href":"https:\/\/www.cronicasdeitarantim.com.br\/v1\/wp-json\/wp\/v2\/posts\/143840\/revisions\/143847"}],"wp:attachment":[{"href":"https:\/\/www.cronicasdeitarantim.com.br\/v1\/wp-json\/wp\/v2\/media?parent=143840"}],"wp:term":[{"taxonomy":"category","embeddable":true,"href":"https:\/\/www.cronicasdeitarantim.com.br\/v1\/wp-json\/wp\/v2\/categories?post=143840"},{"taxonomy":"post_tag","embeddable":true,"href":"https:\/\/www.cronicasdeitarantim.com.br\/v1\/wp-json\/wp\/v2\/tags?post=143840"}],"curies":[{"name":"wp","href":"https:\/\/api.w.org\/{rel}","templated":true}]}}