{"id":143817,"date":"2021-11-13T11:43:42","date_gmt":"2021-11-13T14:43:42","guid":{"rendered":"http:\/\/www.cronicasdeitarantim.com.br\/v1\/?p=143817"},"modified":"2021-11-13T11:43:42","modified_gmt":"2021-11-13T14:43:42","slug":"em-novo-decreto-prefeitura-proibe-eventos-festivos","status":"publish","type":"post","link":"https:\/\/www.cronicasdeitarantim.com.br\/v1\/2021\/11\/13\/em-novo-decreto-prefeitura-proibe-eventos-festivos\/","title":{"rendered":"Em novo decreto prefeitura pro\u00edbe eventos festivos"},"content":{"rendered":"<h4>Em novo decreto, a prefeitura de Itarantim publicou no seu Di\u00e1rio Oficial (DO) nesta sexta-feira (12) a proibi\u00e7\u00e3o de eventos festivos que envolvam aglomera\u00e7\u00f5es tanto restritos como abertos.<\/h4>\n<h4>A restri\u00e7\u00e3o \u00e9 para conter o avan\u00e7o dos casos da covid-19 na cidade que nos \u00faltimos dias tem aumentado assustadoramente. Al\u00e9m da proibi\u00e7\u00e3o destes eventos a prefeitura estabeleu na cidade o uso de m\u00e1scara obrigat\u00f3rio, que j\u00e1 era uma medida em todo estado da Bahia decretada pela Assembleia Legislativa da Bahia (ALBA) e o governo do estado.<\/h4>\n<h4>No decreto afirma que a respons\u00e1vel pela fiscaliza\u00e7\u00e3o ser\u00e1 a Guarda Municipal que ir\u00e1 atuar dentro das normas educativas preconizando sobre a crise epidemiol\u00f3gica na cidade.<\/h4>\n<h4>Itarantim, no boletim divulgado nesta sexta-feira, tem 66 casos positivos, um n\u00famero muito preocupante para uma cidade que tinha zerado os casos.<\/h4>\n<h4>O decreto come\u00e7ou entrar em vigor na data de sua publica\u00e7\u00e3o, nesta sexta-feira e se estender\u00e1 at\u00e9 o dia 16 do corrente m\u00eas, podendo ser prorrogado de acordo a situa\u00e7\u00e3o dos casos, como afirma o decreto.<\/h4>\n","protected":false},"excerpt":{"rendered":"<p>Em novo decreto, a prefeitura de Itarantim publicou no seu Di\u00e1rio Oficial (DO) nesta sexta-feira (12) a proibi\u00e7\u00e3o de eventos festivos que envolvam aglomera\u00e7\u00f5es tanto restritos como abertos. A restri\u00e7\u00e3o \u00e9 para conter o avan\u00e7o dos casos da covid-19 na cidade que nos \u00faltimos dias tem aumentado assustadoramente. Al\u00e9m da proibi\u00e7\u00e3o destes eventos a prefeitura estabeleu na cidade o uso de m\u00e1scara obrigat\u00f3rio, que j\u00e1 era uma medida em todo estado da Bahia decretada pela Assembleia Legislativa da Bahia (ALBA) e o governo do estado. No decreto afirma que a respons\u00e1vel pela fiscaliza\u00e7\u00e3o ser\u00e1 a Guarda Municipal que ir\u00e1 atuar [&hellip;]<\/p>\n","protected":false},"author":4,"featured_media":0,"comment_status":"open","ping_status":"open","sticky":false,"template":"","format":"standard","meta":[],"categories":[345],"tags":[911,624,385,1404],"_links":{"self":[{"href":"https:\/\/www.cronicasdeitarantim.com.br\/v1\/wp-json\/wp\/v2\/posts\/143817"}],"collection":[{"href":"https:\/\/www.cronicasdeitarantim.com.br\/v1\/wp-json\/wp\/v2\/posts"}],"about":[{"href":"https:\/\/www.cronicasdeitarantim.com.br\/v1\/wp-json\/wp\/v2\/types\/post"}],"author":[{"embeddable":true,"href":"https:\/\/www.cronicasdeitarantim.com.br\/v1\/wp-json\/wp\/v2\/users\/4"}],"replies":[{"embeddable":true,"href":"https:\/\/www.cronicasdeitarantim.com.br\/v1\/wp-json\/wp\/v2\/comments?post=143817"}],"version-history":[{"count":2,"href":"https:\/\/www.cronicasdeitarantim.com.br\/v1\/wp-json\/wp\/v2\/posts\/143817\/revisions"}],"predecessor-version":[{"id":143819,"href":"https:\/\/www.cronicasdeitarantim.com.br\/v1\/wp-json\/wp\/v2\/posts\/143817\/revisions\/143819"}],"wp:attachment":[{"href":"https:\/\/www.cronicasdeitarantim.com.br\/v1\/wp-json\/wp\/v2\/media?parent=143817"}],"wp:term":[{"taxonomy":"category","embeddable":true,"href":"https:\/\/www.cronicasdeitarantim.com.br\/v1\/wp-json\/wp\/v2\/categories?post=143817"},{"taxonomy":"post_tag","embeddable":true,"href":"https:\/\/www.cronicasdeitarantim.com.br\/v1\/wp-json\/wp\/v2\/tags?post=143817"}],"curies":[{"name":"wp","href":"https:\/\/api.w.org\/{rel}","templated":true}]}}