{"id":143810,"date":"2021-11-12T19:08:22","date_gmt":"2021-11-12T22:08:22","guid":{"rendered":"http:\/\/www.cronicasdeitarantim.com.br\/v1\/?p=143810"},"modified":"2021-11-12T19:08:22","modified_gmt":"2021-11-12T22:08:22","slug":"em-audio-liberado-pela-cbf-var-alertou-ao-arbitro-que-bola-bate-no-peito-veja-video","status":"publish","type":"post","link":"https:\/\/www.cronicasdeitarantim.com.br\/v1\/2021\/11\/12\/em-audio-liberado-pela-cbf-var-alertou-ao-arbitro-que-bola-bate-no-peito-veja-video\/","title":{"rendered":"Em \u00e1udio liberado pela CBF, VAR alertou ao \u00e1rbitro que &#8220;bola bate no peito&#8221;; veja v\u00eddeo"},"content":{"rendered":"<p>erro crasso na marca\u00e7\u00e3o do p\u00eanalti contra o Bahia, no duelo vencido por 3 a 0 pelo Flamengo na \u00faltima quinta-feira (11), ganhou contornos ainda mais graves diante do \u00e1udio liberado na conversa entre o \u00e1rbitro Vin\u00edcius Gon\u00e7alves \u00a0e a equipe do VAR.<\/p>\n<p>No di\u00e1logo, depois que Gon\u00e7alves marca p\u00eanalti de Conti por, segundo ele, ter tocado com a m\u00e3o na bola, a equipe do VAR chama e diz que ele precisava ver o lance pela cabine de v\u00eddeo.<\/p>\n<p><strong>\u00c9 nesse momento que sucede a seguinte conversa:<\/strong><\/p>\n<p><em>&#8211; \u00a0Vin\u00edcius, narra o que voc\u00ea viu &#8211; diz o \u00e1rbitro de v\u00eddeo Elmo Alves Resende Cunha.<\/em><\/p>\n<p>&#8211; Eu vejo um bloqueio com a m\u00e3o, mais alto que ombro. Eu vejo pegar na m\u00e3o &#8211; responde Gon\u00e7alves.<\/p>\n<p>&#8211; Recomendo revis\u00e3o porque a bola bate no peito do jogador e vai no bra\u00e7o. O bra\u00e7o que est\u00e1 aberto n\u00e3o tem toque, est\u00e1 ok?, diz Elmo.<\/p>\n<p>J\u00e1 na cabine, vendo o lance, o di\u00e1logo prossegue:<\/p>\n<p><em>&#8211; Parei no ponto de contato quando a bola bate no peito e segue no bra\u00e7o. No bra\u00e7o que est\u00e1 esticado para cima n\u00e3o tem toque com a m\u00e3o na bola, t\u00e1 ok? &#8211; diz o \u00e1rbitro Elmo Alves Resende Cunha.<\/em><\/p>\n<p>&#8211; Eu vejo a bola pegar no b\u00edceps dele, est\u00e1 vendo? &#8211; responde Vin\u00edcius Gon\u00e7alves.<\/p>\n<p>&#8211; Tem outra c\u00e2mera? , pergunta Vin\u00edcius Gon\u00e7alves.<\/p>\n<p>&#8211; Vou te mostrar que n\u00e3o tem outro toque. Qual bra\u00e7o voc\u00ea est\u00e1 falando? O direito ou o esquerdo? &#8211; Pergunta o \u00e1rbitro de v\u00eddeo.<\/p>\n<p>&#8211; Ela bate no peito e vai no b\u00edceps &#8211; continua Elmo Alves Resende Cunha.<\/p>\n<p>&#8211; Concordo com o que voc\u00ea fala, mas ele est\u00e1 em uma a\u00e7\u00e3o de bloqueio. Ele corre o risco, e pega no bra\u00e7o. Vou manter a penalidade, est\u00e1 bom?<\/p>\n<p>&#8211; Ok.<\/p>\n<p><a href=\"https:\/\/www.metro1.com.br\/noticias\/esportes\/115098,apos-erro-crasso-contra-o-bahia-presidente-da-comissao-de-arbitragem-da-cbf-e-demitido\">Por conta desse erro, o presidente da Comiss\u00e3o de Arbitragem da CBF, Leonardo Gaciba, foi demitido.<\/a>\u00a0A decis\u00e3o foi tomada na manh\u00e3 desta sexta-feira (11) pelo presidente interino da entidade, Ednaldo Rodrigues, ex-presidente da Federa\u00e7\u00e3o Bahiana de Futebol (FBF).<\/p>\n<p>Vice da comiss\u00e3o, o tamb\u00e9m ex-\u00e1rbitro Al\u00edcio Pena J\u00fanior assumir\u00e1 o cargo at\u00e9 o final do Campeonato Brasileiro.\u00a0 Nesta sexta-feira (12), a torcida do Bahia recebeu os jogadores durante desembarque no aeroporto de Salvador e\u00a0<a href=\"https:\/\/www.metro1.com.br\/noticias\/esportes\/115102,torcida-do-bahia-faz-protesto-no-aeroporto-apos-erro-de-arbitragem-veja-video\">protestou contra a arbitragem e a CBF.<\/a><\/p>\n<p><strong>Veja v\u00eddeo da conversa entre o \u00e1rbitro de campo e o VAR:<\/strong><\/p>\n<p><iframe loading=\"lazy\" width=\"1200\" height=\"675\" src=\"https:\/\/www.youtube.com\/embed\/g_mIfDXOVh4?feature=oembed\" frameborder=\"0\" allow=\"accelerometer; autoplay; clipboard-write; encrypted-media; gyroscope; picture-in-picture\" allowfullscreen><\/iframe><\/p>\n","protected":false},"excerpt":{"rendered":"<p>erro crasso na marca\u00e7\u00e3o do p\u00eanalti contra o Bahia, no duelo vencido por 3 a 0 pelo Flamengo na \u00faltima quinta-feira (11), ganhou contornos ainda mais graves diante do \u00e1udio liberado na conversa entre o \u00e1rbitro Vin\u00edcius Gon\u00e7alves \u00a0e a equipe do VAR. No di\u00e1logo, depois que Gon\u00e7alves marca p\u00eanalti de Conti por, segundo ele, ter tocado com a m\u00e3o na bola, a equipe do VAR chama e diz que ele precisava ver o lance pela cabine de v\u00eddeo. \u00c9 nesse momento que sucede a seguinte conversa: &#8211; \u00a0Vin\u00edcius, narra o que voc\u00ea viu &#8211; diz o \u00e1rbitro de v\u00eddeo [&hellip;]<\/p>\n","protected":false},"author":4,"featured_media":0,"comment_status":"open","ping_status":"open","sticky":false,"template":"","format":"standard","meta":[],"categories":[299],"tags":[428,572],"_links":{"self":[{"href":"https:\/\/www.cronicasdeitarantim.com.br\/v1\/wp-json\/wp\/v2\/posts\/143810"}],"collection":[{"href":"https:\/\/www.cronicasdeitarantim.com.br\/v1\/wp-json\/wp\/v2\/posts"}],"about":[{"href":"https:\/\/www.cronicasdeitarantim.com.br\/v1\/wp-json\/wp\/v2\/types\/post"}],"author":[{"embeddable":true,"href":"https:\/\/www.cronicasdeitarantim.com.br\/v1\/wp-json\/wp\/v2\/users\/4"}],"replies":[{"embeddable":true,"href":"https:\/\/www.cronicasdeitarantim.com.br\/v1\/wp-json\/wp\/v2\/comments?post=143810"}],"version-history":[{"count":2,"href":"https:\/\/www.cronicasdeitarantim.com.br\/v1\/wp-json\/wp\/v2\/posts\/143810\/revisions"}],"predecessor-version":[{"id":143812,"href":"https:\/\/www.cronicasdeitarantim.com.br\/v1\/wp-json\/wp\/v2\/posts\/143810\/revisions\/143812"}],"wp:attachment":[{"href":"https:\/\/www.cronicasdeitarantim.com.br\/v1\/wp-json\/wp\/v2\/media?parent=143810"}],"wp:term":[{"taxonomy":"category","embeddable":true,"href":"https:\/\/www.cronicasdeitarantim.com.br\/v1\/wp-json\/wp\/v2\/categories?post=143810"},{"taxonomy":"post_tag","embeddable":true,"href":"https:\/\/www.cronicasdeitarantim.com.br\/v1\/wp-json\/wp\/v2\/tags?post=143810"}],"curies":[{"name":"wp","href":"https:\/\/api.w.org\/{rel}","templated":true}]}}