{"id":143133,"date":"2021-10-19T13:31:11","date_gmt":"2021-10-19T16:31:11","guid":{"rendered":"http:\/\/www.cronicasdeitarantim.com.br\/v1\/?p=143133"},"modified":"2021-10-19T13:31:11","modified_gmt":"2021-10-19T16:31:11","slug":"em-cidade-baiana-ladrao-assalta-onibus-e-leva-todos-os-pertences-de-passageiros","status":"publish","type":"post","link":"https:\/\/www.cronicasdeitarantim.com.br\/v1\/2021\/10\/19\/em-cidade-baiana-ladrao-assalta-onibus-e-leva-todos-os-pertences-de-passageiros\/","title":{"rendered":"Em cidade baiana ladr\u00e3o assalta \u00f4nibus e leva todos os pertences de passageiros"},"content":{"rendered":"<p>Um \u00f4nibus que faz a linha S\u00e3o Sebasti\u00e3o do Pass\u00e9 x Terminal Retiro foi assaltado na manh\u00e3 desta ter\u00e7a-feira (19).<\/p>\n<p>De acordo com informa\u00e7\u00f5es do site O Radi\u00e3o, um bandido armado entrou no ve\u00edculo de passageiros no ponto de \u00f4nibus em frente a Brasilg\u00e1s, na BR-324, e anunciou o assalto.<\/p>\n<p>De arma em punho, o criminoso exigiu que os passageiros colocassem os pertences em uma mochila.\u00a0Todo o dinheiro arrecadado com as passagens tamb\u00e9m foi levado.<\/p>\n<p>O criminoso desceu no ponto de \u00c1guas Claras, no bairro de Val\u00e9ria. N\u00e3o h\u00e1 registro de v\u00edtimas.<\/p>\n","protected":false},"excerpt":{"rendered":"<p>Um \u00f4nibus que faz a linha S\u00e3o Sebasti\u00e3o do Pass\u00e9 x Terminal Retiro foi assaltado na manh\u00e3 desta ter\u00e7a-feira (19). De acordo com informa\u00e7\u00f5es do site O Radi\u00e3o, um bandido armado entrou no ve\u00edculo de passageiros no ponto de \u00f4nibus em frente a Brasilg\u00e1s, na BR-324, e anunciou o assalto. De arma em punho, o criminoso exigiu que os passageiros colocassem os pertences em uma mochila.\u00a0Todo o dinheiro arrecadado com as passagens tamb\u00e9m foi levado. O criminoso desceu no ponto de \u00c1guas Claras, no bairro de Val\u00e9ria. N\u00e3o h\u00e1 registro de v\u00edtimas.<\/p>\n","protected":false},"author":4,"featured_media":0,"comment_status":"open","ping_status":"open","sticky":false,"template":"","format":"standard","meta":[],"categories":[306],"tags":[714,76,1374],"_links":{"self":[{"href":"https:\/\/www.cronicasdeitarantim.com.br\/v1\/wp-json\/wp\/v2\/posts\/143133"}],"collection":[{"href":"https:\/\/www.cronicasdeitarantim.com.br\/v1\/wp-json\/wp\/v2\/posts"}],"about":[{"href":"https:\/\/www.cronicasdeitarantim.com.br\/v1\/wp-json\/wp\/v2\/types\/post"}],"author":[{"embeddable":true,"href":"https:\/\/www.cronicasdeitarantim.com.br\/v1\/wp-json\/wp\/v2\/users\/4"}],"replies":[{"embeddable":true,"href":"https:\/\/www.cronicasdeitarantim.com.br\/v1\/wp-json\/wp\/v2\/comments?post=143133"}],"version-history":[{"count":1,"href":"https:\/\/www.cronicasdeitarantim.com.br\/v1\/wp-json\/wp\/v2\/posts\/143133\/revisions"}],"predecessor-version":[{"id":143135,"href":"https:\/\/www.cronicasdeitarantim.com.br\/v1\/wp-json\/wp\/v2\/posts\/143133\/revisions\/143135"}],"wp:attachment":[{"href":"https:\/\/www.cronicasdeitarantim.com.br\/v1\/wp-json\/wp\/v2\/media?parent=143133"}],"wp:term":[{"taxonomy":"category","embeddable":true,"href":"https:\/\/www.cronicasdeitarantim.com.br\/v1\/wp-json\/wp\/v2\/categories?post=143133"},{"taxonomy":"post_tag","embeddable":true,"href":"https:\/\/www.cronicasdeitarantim.com.br\/v1\/wp-json\/wp\/v2\/tags?post=143133"}],"curies":[{"name":"wp","href":"https:\/\/api.w.org\/{rel}","templated":true}]}}