{"id":142649,"date":"2021-09-29T22:56:33","date_gmt":"2021-09-30T01:56:33","guid":{"rendered":"http:\/\/www.cronicasdeitarantim.com.br\/v1\/?p=142649"},"modified":"2021-09-29T22:56:33","modified_gmt":"2021-09-30T01:56:33","slug":"gravissimo-acidente-deixa-muitos-feridos-e-mortos-num-acidente-proximo-a-mundo-novo","status":"publish","type":"post","link":"https:\/\/www.cronicasdeitarantim.com.br\/v1\/2021\/09\/29\/gravissimo-acidente-deixa-muitos-feridos-e-mortos-num-acidente-proximo-a-mundo-novo\/","title":{"rendered":"Grav\u00edssimo acidente deixa muitos feridos e mortos num acidente pr\u00f3ximo a Mundo Novo"},"content":{"rendered":"<p>Grave acidente envolvendo uma carreta tipo bi-trem, transportando toras de eucalipto, um \u00f4nibus da Rota Transportes e uma van, por volta das 20 horas, na cabeceira da ponte nas proximidades do distrito do Mundo Novo, em Eun\u00e1polis, deixou v\u00e1rias v\u00edtimas fatais no local, podendo chegar a dez, dentre essas, crian\u00e7as,\u00a0e cerca de 20 feridos, alguns em estado grave. As v\u00edtimas foram socorridas pelas equipes do SAMU e encaminhadas para o Hospital Regional de Eun\u00e1polis.<\/p>\n<div class=\"separator\"><a href=\"https:\/\/1.bp.blogspot.com\/-tWfkjaTUERA\/YVUXB1IvwCI\/AAAAAAAAIpk\/6iYcgQZscIAXSw_VQLdaeTMsXbm2FD6FwCLcBGAsYHQ\/s530\/16329648281.jpg\"><img decoding=\"async\" loading=\"lazy\" src=\"https:\/\/1.bp.blogspot.com\/-tWfkjaTUERA\/YVUXB1IvwCI\/AAAAAAAAIpk\/6iYcgQZscIAXSw_VQLdaeTMsXbm2FD6FwCLcBGAsYHQ\/w640-h426\/16329648281.jpg\" width=\"640\" height=\"426\" border=\"0\" data-original-height=\"353\" data-original-width=\"530\" \/><\/a><\/div>\n<p style=\"text-align: left;\">\n<p>O \u00f4nibus vinha de Itabuna. Quanto \u00e0 Van, n\u00e3o temos informa\u00e7\u00f5es da origem, este ve\u00edculo tem emblemas de empresa de eventos. Um vag\u00e3o da carreta tipo bi-trem, carregada de eucalipto, se desprendeu atingindo os ve\u00edculos de passageiros. A empresa que fazia o transporte das madeiras n\u00e3o foi identificada ainda. Somente por volta das 21h30 as equipes do SAMU conclu\u00edram os resgates.<\/p>\n<div class=\"separator\"><a href=\"https:\/\/1.bp.blogspot.com\/-c6K1OycjsTY\/YVUXIUIyadI\/AAAAAAAAIpo\/u6Rk7Jh5RgApdUXg6d4JE2ei-82bDfQfACLcBGAsYHQ\/s840\/2%2528929%2529.jpg\"><img decoding=\"async\" loading=\"lazy\" src=\"https:\/\/1.bp.blogspot.com\/-c6K1OycjsTY\/YVUXIUIyadI\/AAAAAAAAIpo\/u6Rk7Jh5RgApdUXg6d4JE2ei-82bDfQfACLcBGAsYHQ\/w640-h426\/2%2528929%2529.jpg\" width=\"640\" height=\"426\" border=\"0\" data-original-height=\"560\" data-original-width=\"840\" \/><\/a><\/div>\n<p style=\"text-align: left;\">Fonte: Agazetabahia<\/p>\n","protected":false},"excerpt":{"rendered":"<p>Grave acidente envolvendo uma carreta tipo bi-trem, transportando toras de eucalipto, um \u00f4nibus da Rota Transportes e uma van, por volta das 20 horas, na cabeceira da ponte nas proximidades do distrito do Mundo Novo, em Eun\u00e1polis, deixou v\u00e1rias v\u00edtimas fatais no local, podendo chegar a dez, dentre essas, crian\u00e7as,\u00a0e cerca de 20 feridos, alguns em estado grave. As v\u00edtimas foram socorridas pelas equipes do SAMU e encaminhadas para o Hospital Regional de Eun\u00e1polis. O \u00f4nibus vinha de Itabuna. Quanto \u00e0 Van, n\u00e3o temos informa\u00e7\u00f5es da origem, este ve\u00edculo tem emblemas de empresa de eventos. Um vag\u00e3o da carreta tipo [&hellip;]<\/p>\n","protected":false},"author":4,"featured_media":0,"comment_status":"open","ping_status":"open","sticky":false,"template":"","format":"standard","meta":[],"categories":[1],"tags":[],"_links":{"self":[{"href":"https:\/\/www.cronicasdeitarantim.com.br\/v1\/wp-json\/wp\/v2\/posts\/142649"}],"collection":[{"href":"https:\/\/www.cronicasdeitarantim.com.br\/v1\/wp-json\/wp\/v2\/posts"}],"about":[{"href":"https:\/\/www.cronicasdeitarantim.com.br\/v1\/wp-json\/wp\/v2\/types\/post"}],"author":[{"embeddable":true,"href":"https:\/\/www.cronicasdeitarantim.com.br\/v1\/wp-json\/wp\/v2\/users\/4"}],"replies":[{"embeddable":true,"href":"https:\/\/www.cronicasdeitarantim.com.br\/v1\/wp-json\/wp\/v2\/comments?post=142649"}],"version-history":[{"count":1,"href":"https:\/\/www.cronicasdeitarantim.com.br\/v1\/wp-json\/wp\/v2\/posts\/142649\/revisions"}],"predecessor-version":[{"id":142650,"href":"https:\/\/www.cronicasdeitarantim.com.br\/v1\/wp-json\/wp\/v2\/posts\/142649\/revisions\/142650"}],"wp:attachment":[{"href":"https:\/\/www.cronicasdeitarantim.com.br\/v1\/wp-json\/wp\/v2\/media?parent=142649"}],"wp:term":[{"taxonomy":"category","embeddable":true,"href":"https:\/\/www.cronicasdeitarantim.com.br\/v1\/wp-json\/wp\/v2\/categories?post=142649"},{"taxonomy":"post_tag","embeddable":true,"href":"https:\/\/www.cronicasdeitarantim.com.br\/v1\/wp-json\/wp\/v2\/tags?post=142649"}],"curies":[{"name":"wp","href":"https:\/\/api.w.org\/{rel}","templated":true}]}}