{"id":142550,"date":"2021-09-25T09:40:43","date_gmt":"2021-09-25T12:40:43","guid":{"rendered":"http:\/\/www.cronicasdeitarantim.com.br\/v1\/?p=142550"},"modified":"2021-09-25T09:40:43","modified_gmt":"2021-09-25T12:40:43","slug":"pediatra-pode-ter-sido-executado-por-alertar-sobre-suposto-abuso-sexual","status":"publish","type":"post","link":"https:\/\/www.cronicasdeitarantim.com.br\/v1\/2021\/09\/25\/pediatra-pode-ter-sido-executado-por-alertar-sobre-suposto-abuso-sexual\/","title":{"rendered":"Pediatra pode ter sido executado por alertar sobre suposto abuso sexual"},"content":{"rendered":"<p>pediatra J\u00falio C\u00e9sar de Queiroz Teixeira, de 44 anos, pode ter sido assassinado \u00a0dentro da cl\u00ednica particular onde trabalhava, no oeste da Bahia, por ter alertado uma fam\u00edlia sobre uma crian\u00e7a atendida por ele, que apresentou alguns sinais de abuso sexual. A informa\u00e7\u00e3o foi dada ao G1 pelo cirurgi\u00e3o-dentista Lula Teixeira, de 48 anos, que \u00e9 irm\u00e3o da v\u00edtima.<\/p>\n<p>&#8220;Apareceram muitas conversas aqui que est\u00e3o investigando para realmente saber o que aconteceu. Teve essa conversa de que a crian\u00e7a chegou molestada e ele falou que tinha que ir para Irec\u00ea [cidade no centro-norte da Bahia], que Irec\u00ea que tinha o departamento para investigar, ver direito, n\u00e9? Mas isso tem um tempo, porque ele como m\u00e9dico tem por obriga\u00e7\u00e3o ver uma quest\u00e3o dessa e alertar a m\u00e3e e o pessoal para procurar a pol\u00edcia&#8221;, disse Lula Teixeira.<\/p>\n<p>Apesar da declara\u00e7\u00e3o, nenhuma linha de investiga\u00e7\u00e3o foi divulgada pela pol\u00edcia, que investiga o caso e busca os suspeitos.<\/p>\n<p>O m\u00e9dico pediatra foi morto dentro do consult\u00f3rio que ele prestava atendimento, em uma cl\u00ednica particular da cidade de Barra, oeste da Bahia. O crime aconteceu na manh\u00e3 de quinta-feira (23).O pediatra atendia em pelo menos cinco cidades da regi\u00e3o, al\u00e9m da capital baiana.<\/p>\n<p>Segundo a pol\u00edcia, ao todo, o pediatra foi atingido por quatro tiros, um deles na cabe\u00e7a. Ele chegou a ser socorrido por outros funcion\u00e1rios da cl\u00ednica para um hospital da regi\u00e3o, mas n\u00e3o resistiu aos ferimentos. O enterro de J\u00falio C\u00e9sar foi na manh\u00e3 de ontem (24), no Cemit\u00e9rio de Xique-Xique, cidade onde ele nasceu e morava. Metro1.<\/p>\n","protected":false},"excerpt":{"rendered":"<p>pediatra J\u00falio C\u00e9sar de Queiroz Teixeira, de 44 anos, pode ter sido assassinado \u00a0dentro da cl\u00ednica particular onde trabalhava, no oeste da Bahia, por ter alertado uma fam\u00edlia sobre uma crian\u00e7a atendida por ele, que apresentou alguns sinais de abuso sexual. A informa\u00e7\u00e3o foi dada ao G1 pelo cirurgi\u00e3o-dentista Lula Teixeira, de 48 anos, que \u00e9 irm\u00e3o da v\u00edtima. &#8220;Apareceram muitas conversas aqui que est\u00e3o investigando para realmente saber o que aconteceu. Teve essa conversa de que a crian\u00e7a chegou molestada e ele falou que tinha que ir para Irec\u00ea [cidade no centro-norte da Bahia], que Irec\u00ea que tinha o [&hellip;]<\/p>\n","protected":false},"author":4,"featured_media":0,"comment_status":"open","ping_status":"open","sticky":false,"template":"","format":"standard","meta":[],"categories":[306],"tags":[76,444],"_links":{"self":[{"href":"https:\/\/www.cronicasdeitarantim.com.br\/v1\/wp-json\/wp\/v2\/posts\/142550"}],"collection":[{"href":"https:\/\/www.cronicasdeitarantim.com.br\/v1\/wp-json\/wp\/v2\/posts"}],"about":[{"href":"https:\/\/www.cronicasdeitarantim.com.br\/v1\/wp-json\/wp\/v2\/types\/post"}],"author":[{"embeddable":true,"href":"https:\/\/www.cronicasdeitarantim.com.br\/v1\/wp-json\/wp\/v2\/users\/4"}],"replies":[{"embeddable":true,"href":"https:\/\/www.cronicasdeitarantim.com.br\/v1\/wp-json\/wp\/v2\/comments?post=142550"}],"version-history":[{"count":1,"href":"https:\/\/www.cronicasdeitarantim.com.br\/v1\/wp-json\/wp\/v2\/posts\/142550\/revisions"}],"predecessor-version":[{"id":142551,"href":"https:\/\/www.cronicasdeitarantim.com.br\/v1\/wp-json\/wp\/v2\/posts\/142550\/revisions\/142551"}],"wp:attachment":[{"href":"https:\/\/www.cronicasdeitarantim.com.br\/v1\/wp-json\/wp\/v2\/media?parent=142550"}],"wp:term":[{"taxonomy":"category","embeddable":true,"href":"https:\/\/www.cronicasdeitarantim.com.br\/v1\/wp-json\/wp\/v2\/categories?post=142550"},{"taxonomy":"post_tag","embeddable":true,"href":"https:\/\/www.cronicasdeitarantim.com.br\/v1\/wp-json\/wp\/v2\/tags?post=142550"}],"curies":[{"name":"wp","href":"https:\/\/api.w.org\/{rel}","templated":true}]}}