{"id":142516,"date":"2021-09-23T13:47:52","date_gmt":"2021-09-23T16:47:52","guid":{"rendered":"http:\/\/www.cronicasdeitarantim.com.br\/v1\/?p=142516"},"modified":"2021-09-23T13:47:52","modified_gmt":"2021-09-23T16:47:52","slug":"em-cidade-baiana-medico-e-assassinado-dentro-de-clinica","status":"publish","type":"post","link":"https:\/\/www.cronicasdeitarantim.com.br\/v1\/2021\/09\/23\/em-cidade-baiana-medico-e-assassinado-dentro-de-clinica\/","title":{"rendered":"Em cidade baiana m\u00e9dico \u00e9 assassinado dentro de cl\u00ednica"},"content":{"rendered":"<p>Um m\u00e9dico foi morto dentro de uma cl\u00ednica na cidade de Barra, no oeste da Bahia. De acordo com informa\u00e7\u00f5es do G1, o crime aconteceu na manh\u00e3 desta quinta-feira (23) e o m\u00e9dico foi identificado como J\u00falio C\u00e9sar de 44 anos de idade. A pol\u00edcia informou que a motiva\u00e7\u00e3o do crime ainda \u00e9 desconhecida, o que se sabe \u00e9 que o suspeito entrou na cl\u00ednica e efetuou os disparos e outro comparsa que estava do lado de fora deu fuga o assassino. O m\u00e9dico ainda chegou a ser socorrido, mas n\u00e3o resistiu.<\/p>\n<p>&nbsp;<\/p>\n","protected":false},"excerpt":{"rendered":"<p>Um m\u00e9dico foi morto dentro de uma cl\u00ednica na cidade de Barra, no oeste da Bahia. De acordo com informa\u00e7\u00f5es do G1, o crime aconteceu na manh\u00e3 desta quinta-feira (23) e o m\u00e9dico foi identificado como J\u00falio C\u00e9sar de 44 anos de idade. A pol\u00edcia informou que a motiva\u00e7\u00e3o do crime ainda \u00e9 desconhecida, o que se sabe \u00e9 que o suspeito entrou na cl\u00ednica e efetuou os disparos e outro comparsa que estava do lado de fora deu fuga o assassino. O m\u00e9dico ainda chegou a ser socorrido, mas n\u00e3o resistiu. &nbsp;<\/p>\n","protected":false},"author":4,"featured_media":0,"comment_status":"open","ping_status":"open","sticky":false,"template":"","format":"standard","meta":[],"categories":[306],"tags":[76,814],"_links":{"self":[{"href":"https:\/\/www.cronicasdeitarantim.com.br\/v1\/wp-json\/wp\/v2\/posts\/142516"}],"collection":[{"href":"https:\/\/www.cronicasdeitarantim.com.br\/v1\/wp-json\/wp\/v2\/posts"}],"about":[{"href":"https:\/\/www.cronicasdeitarantim.com.br\/v1\/wp-json\/wp\/v2\/types\/post"}],"author":[{"embeddable":true,"href":"https:\/\/www.cronicasdeitarantim.com.br\/v1\/wp-json\/wp\/v2\/users\/4"}],"replies":[{"embeddable":true,"href":"https:\/\/www.cronicasdeitarantim.com.br\/v1\/wp-json\/wp\/v2\/comments?post=142516"}],"version-history":[{"count":1,"href":"https:\/\/www.cronicasdeitarantim.com.br\/v1\/wp-json\/wp\/v2\/posts\/142516\/revisions"}],"predecessor-version":[{"id":142517,"href":"https:\/\/www.cronicasdeitarantim.com.br\/v1\/wp-json\/wp\/v2\/posts\/142516\/revisions\/142517"}],"wp:attachment":[{"href":"https:\/\/www.cronicasdeitarantim.com.br\/v1\/wp-json\/wp\/v2\/media?parent=142516"}],"wp:term":[{"taxonomy":"category","embeddable":true,"href":"https:\/\/www.cronicasdeitarantim.com.br\/v1\/wp-json\/wp\/v2\/categories?post=142516"},{"taxonomy":"post_tag","embeddable":true,"href":"https:\/\/www.cronicasdeitarantim.com.br\/v1\/wp-json\/wp\/v2\/tags?post=142516"}],"curies":[{"name":"wp","href":"https:\/\/api.w.org\/{rel}","templated":true}]}}