{"id":142386,"date":"2021-09-18T18:45:23","date_gmt":"2021-09-18T21:45:23","guid":{"rendered":"http:\/\/www.cronicasdeitarantim.com.br\/v1\/?p=142386"},"modified":"2021-09-18T18:45:23","modified_gmt":"2021-09-18T21:45:23","slug":"eleicao-2022-lula-ja-obtem-neste-ano-12-vitorias-judiciais-impulsionadas-pelo-stf","status":"publish","type":"post","link":"https:\/\/www.cronicasdeitarantim.com.br\/v1\/2021\/09\/18\/eleicao-2022-lula-ja-obtem-neste-ano-12-vitorias-judiciais-impulsionadas-pelo-stf\/","title":{"rendered":"ELEI\u00c7\u00c3O 2022] Lula j\u00e1 obt\u00e9m neste ano 12 vit\u00f3rias judiciais impulsionadas pelo STF"},"content":{"rendered":"<h4>De acordo com a defesa do ex-presidente, afirmou que absolvi\u00e7\u00f5es foram obtidas perante a Justi\u00e7a Federal de Bras\u00edlia e de S\u00e3o Paulo<\/h4>\n<p>O ex-presidente Lula j\u00e1 obteve apenas neste ano 12 grandes vit\u00f3rias na justi\u00e7a diante dos processos e investiga\u00e7\u00f5es que respondia desde que se tornou alvo da Opera\u00e7\u00e3o Lava Jato, em 2015.\u00a0Com os direitos pol\u00edticos reabilitados desde mar\u00e7o, o petista, que deve concorrer a presid\u00eancia em 2022 contra Jair Bolsonaro, conseguiu, s\u00f3 nos \u00faltimos dias, ter \u00eaxito em duas decis\u00f5es em diferentes inst\u00e2ncias judiciais.<\/p>\n<p>Na segunda-feira (13), foi divulgado que a Justi\u00e7a Federal de S\u00e3o Paulo mandou arquivar investiga\u00e7\u00e3o derivada da dela\u00e7\u00e3o do empreiteiro L\u00e9o Pinheiro, da OAS, sobre suposto tr\u00e1fico de influ\u00eancia na Costa Rica em uma ocasi\u00e3o em que o ex-presidente havia ido ao pa\u00eds para fazer uma palestra.<\/p>\n<p>No dia seguinte, ter\u00e7a-feira (14), o ministro do Supremo Ricardo Lewandowski mandou suspender de forma provis\u00f3ria a tramita\u00e7\u00e3o de autos que poderiam reavivar no Distrito Federal duas antigas a\u00e7\u00f5es penais j\u00e1 retiradas do Paran\u00e1 por ordem da corte.<\/p>\n<p>As acusa\u00e7\u00f5es, apresentadas pela for\u00e7a-tarefa paranaense, tratavam dos casos de um terreno comprado pela Odebrecht para o Instituto Lula e de doa\u00e7\u00f5es feitas pela empreiteira para a entidade do ex-presidente.<\/p>\n<p>Essas decis\u00f5es em benef\u00edcio de Lula se somam a outras expedidas nos \u00faltimos meses que tiveram influ\u00eancia da ordem que considerou o ex-juiz Sergio Moro parcial ao julgar o ex-presidente na Lava Jato do Paran\u00e1.<\/p>\n<p><strong>O que a defesa diz<\/strong><\/p>\n<p>Em nota enviada \u00e0 Folha de S. Paulo, o advogado Cristiano Zanin Martins, respons\u00e1vel pela defesa do ex-presidente, afirmou que absolvi\u00e7\u00f5es foram obtidas perante a Justi\u00e7a Federal de Bras\u00edlia e de S\u00e3o Paulo, \u201cmuitas delas anteriores ao julgamento da suspei\u00e7\u00e3o do ex-juiz Sergio Moro pelo Supremo Tribunal Federal\u201d.<\/p>\n<p>Diz que houve \u201cpreju\u00edzos irrepar\u00e1veis sofridos pelo ex-presidente e por seus familiares a partir do \u2018plano\u2019 engendrado pela Lava Jato, conforme consta expressamente nas mensagens que extra\u00edmos dos arquivos oficiais da \u2018Opera\u00e7\u00e3o Spoofing\u2019 a partir de autoriza\u00e7\u00e3o do Supremo\u201d.<\/p>\n<p>\u201cNa primeira manifesta\u00e7\u00e3o escrita, apresentada em 2016, demonstramos que havia um conluio entre o ent\u00e3o juiz Sergio Moro e os procuradores da Lava Jato de Curitiba, com o objetivo de perseguir e condenar Lula injustamente\u201d, afirma.<\/p>\n<p><b>Veja as decis\u00f5es pr\u00f3-Lula em 2021<\/b><\/p>\n<p>08\/03 \u2013 Anula\u00e7\u00e3o de senten\u00e7as por Fachin, atingindo 4 a\u00e7\u00f5es<\/p>\n<p>23\/03 \u2013 Suspei\u00e7\u00e3o de Moro<\/p>\n<p>21\/08 \u2013 Absolvi\u00e7\u00e3o na Opera\u00e7\u00e3o Zelotes, no DF<\/p>\n<p>24\/08 \u2013 Extens\u00e3o da suspei\u00e7\u00e3o por Gilmar Mendes<\/p>\n<p>09\/08 \u2013 Trancamento de a\u00e7\u00e3o penal em S\u00e3o Paulo<\/p>\n<p>21\/08 \u2013 Tentativa de retomada do caso do s\u00edtio no DF<\/p>\n<p>03\/09 \u2013 Caso sobre propina da Odebrecht, no DF<\/p>\n<p>13\/09 \u2013\u00a0Dela\u00e7\u00e3o de L\u00e9o Pinheiro, em S\u00e3o Paulo<\/p>\n<p>14\/09 \u2013\u00a0Suspens\u00e3o pelo STF de casos \u2018paranaenses\u2019<\/p>\n<p><em>Com informa\u00e7\u00f5es do Jornal Folha de S. Paulo<\/em><\/p>\n","protected":false},"excerpt":{"rendered":"<p>De acordo com a defesa do ex-presidente, afirmou que absolvi\u00e7\u00f5es foram obtidas perante a Justi\u00e7a Federal de Bras\u00edlia e de S\u00e3o Paulo O ex-presidente Lula j\u00e1 obteve apenas neste ano 12 grandes vit\u00f3rias na justi\u00e7a diante dos processos e investiga\u00e7\u00f5es que respondia desde que se tornou alvo da Opera\u00e7\u00e3o Lava Jato, em 2015.\u00a0Com os direitos pol\u00edticos reabilitados desde mar\u00e7o, o petista, que deve concorrer a presid\u00eancia em 2022 contra Jair Bolsonaro, conseguiu, s\u00f3 nos \u00faltimos dias, ter \u00eaxito em duas decis\u00f5es em diferentes inst\u00e2ncias judiciais. Na segunda-feira (13), foi divulgado que a Justi\u00e7a Federal de S\u00e3o Paulo mandou arquivar investiga\u00e7\u00e3o [&hellip;]<\/p>\n","protected":false},"author":4,"featured_media":0,"comment_status":"open","ping_status":"open","sticky":false,"template":"","format":"standard","meta":[],"categories":[304],"tags":[973],"_links":{"self":[{"href":"https:\/\/www.cronicasdeitarantim.com.br\/v1\/wp-json\/wp\/v2\/posts\/142386"}],"collection":[{"href":"https:\/\/www.cronicasdeitarantim.com.br\/v1\/wp-json\/wp\/v2\/posts"}],"about":[{"href":"https:\/\/www.cronicasdeitarantim.com.br\/v1\/wp-json\/wp\/v2\/types\/post"}],"author":[{"embeddable":true,"href":"https:\/\/www.cronicasdeitarantim.com.br\/v1\/wp-json\/wp\/v2\/users\/4"}],"replies":[{"embeddable":true,"href":"https:\/\/www.cronicasdeitarantim.com.br\/v1\/wp-json\/wp\/v2\/comments?post=142386"}],"version-history":[{"count":1,"href":"https:\/\/www.cronicasdeitarantim.com.br\/v1\/wp-json\/wp\/v2\/posts\/142386\/revisions"}],"predecessor-version":[{"id":142387,"href":"https:\/\/www.cronicasdeitarantim.com.br\/v1\/wp-json\/wp\/v2\/posts\/142386\/revisions\/142387"}],"wp:attachment":[{"href":"https:\/\/www.cronicasdeitarantim.com.br\/v1\/wp-json\/wp\/v2\/media?parent=142386"}],"wp:term":[{"taxonomy":"category","embeddable":true,"href":"https:\/\/www.cronicasdeitarantim.com.br\/v1\/wp-json\/wp\/v2\/categories?post=142386"},{"taxonomy":"post_tag","embeddable":true,"href":"https:\/\/www.cronicasdeitarantim.com.br\/v1\/wp-json\/wp\/v2\/tags?post=142386"}],"curies":[{"name":"wp","href":"https:\/\/api.w.org\/{rel}","templated":true}]}}