{"id":142364,"date":"2021-09-17T15:48:14","date_gmt":"2021-09-17T18:48:14","guid":{"rendered":"http:\/\/www.cronicasdeitarantim.com.br\/v1\/?p=142364"},"modified":"2021-09-17T15:48:14","modified_gmt":"2021-09-17T18:48:14","slug":"urgente-capela-de-nossa-senhora-aparecida-em-itarantim-foi-arrombada-por-vandalos","status":"publish","type":"post","link":"https:\/\/www.cronicasdeitarantim.com.br\/v1\/2021\/09\/17\/urgente-capela-de-nossa-senhora-aparecida-em-itarantim-foi-arrombada-por-vandalos\/","title":{"rendered":"URGENTE] Capela de Nossa Senhora Aparecida em Itarantim foi arrombada por v\u00e2ndalos"},"content":{"rendered":"<h4>A capela da comunidade de Nossa Senhora de Aparecida que fica localizada na Rua Macarani no Bairro Andr\u00e9 Luiz, foi arrombada e profanaram o sacr\u00e1rio na noite desta quinta-feira (16), de acordo informa\u00e7\u00f5es do padre da par\u00f3quia, Edinilton (Black). Ainda de acordo Black, os v\u00e2ndalos adentraram o espa\u00e7o e jogaram todas as h\u00f3stias pelo ch\u00e3o profanando um espa\u00e7o sagrado. Num \u00e1udio, o padre ainda caracterizou a situa\u00e7\u00e3o como lament\u00e1vel, triste e disse ainda que ir\u00e1 realizar uma missa de agravo rezando pela convers\u00e3o dos que praticaram o ato de vandalismo. Tudo indica que os meliantes invadiram o espa\u00e7o pensando que tinha dinheiro para roubar. N\u00e3o temos informa\u00e7\u00f5es se a par\u00f3quia fez um boletim junto a pol\u00edcia.<\/h4>\n","protected":false},"excerpt":{"rendered":"<p>A capela da comunidade de Nossa Senhora de Aparecida que fica localizada na Rua Macarani no Bairro Andr\u00e9 Luiz, foi arrombada e profanaram o sacr\u00e1rio na noite desta quinta-feira (16), de acordo informa\u00e7\u00f5es do padre da par\u00f3quia, Edinilton (Black). Ainda de acordo Black, os v\u00e2ndalos adentraram o espa\u00e7o e jogaram todas as h\u00f3stias pelo ch\u00e3o profanando um espa\u00e7o sagrado. Num \u00e1udio, o padre ainda caracterizou a situa\u00e7\u00e3o como lament\u00e1vel, triste e disse ainda que ir\u00e1 realizar uma missa de agravo rezando pela convers\u00e3o dos que praticaram o ato de vandalismo. Tudo indica que os meliantes invadiram o espa\u00e7o pensando que [&hellip;]<\/p>\n","protected":false},"author":4,"featured_media":0,"comment_status":"open","ping_status":"open","sticky":false,"template":"","format":"standard","meta":[],"categories":[306],"tags":[385,434,1330],"_links":{"self":[{"href":"https:\/\/www.cronicasdeitarantim.com.br\/v1\/wp-json\/wp\/v2\/posts\/142364"}],"collection":[{"href":"https:\/\/www.cronicasdeitarantim.com.br\/v1\/wp-json\/wp\/v2\/posts"}],"about":[{"href":"https:\/\/www.cronicasdeitarantim.com.br\/v1\/wp-json\/wp\/v2\/types\/post"}],"author":[{"embeddable":true,"href":"https:\/\/www.cronicasdeitarantim.com.br\/v1\/wp-json\/wp\/v2\/users\/4"}],"replies":[{"embeddable":true,"href":"https:\/\/www.cronicasdeitarantim.com.br\/v1\/wp-json\/wp\/v2\/comments?post=142364"}],"version-history":[{"count":1,"href":"https:\/\/www.cronicasdeitarantim.com.br\/v1\/wp-json\/wp\/v2\/posts\/142364\/revisions"}],"predecessor-version":[{"id":142366,"href":"https:\/\/www.cronicasdeitarantim.com.br\/v1\/wp-json\/wp\/v2\/posts\/142364\/revisions\/142366"}],"wp:attachment":[{"href":"https:\/\/www.cronicasdeitarantim.com.br\/v1\/wp-json\/wp\/v2\/media?parent=142364"}],"wp:term":[{"taxonomy":"category","embeddable":true,"href":"https:\/\/www.cronicasdeitarantim.com.br\/v1\/wp-json\/wp\/v2\/categories?post=142364"},{"taxonomy":"post_tag","embeddable":true,"href":"https:\/\/www.cronicasdeitarantim.com.br\/v1\/wp-json\/wp\/v2\/tags?post=142364"}],"curies":[{"name":"wp","href":"https:\/\/api.w.org\/{rel}","templated":true}]}}