{"id":142337,"date":"2021-09-15T20:04:50","date_gmt":"2021-09-15T23:04:50","guid":{"rendered":"http:\/\/www.cronicasdeitarantim.com.br\/v1\/?p=142337"},"modified":"2021-09-15T20:04:50","modified_gmt":"2021-09-15T23:04:50","slug":"meio-ambiente-incendio-atinge-area-de-protecao-ambiental-em-vitoria-da-conquista","status":"publish","type":"post","link":"https:\/\/www.cronicasdeitarantim.com.br\/v1\/2021\/09\/15\/meio-ambiente-incendio-atinge-area-de-protecao-ambiental-em-vitoria-da-conquista\/","title":{"rendered":"MEIO AMBIENTE] Inc\u00eandio atinge \u00e1rea de prote\u00e7\u00e3o ambiental em Vit\u00f3ria da Conquista"},"content":{"rendered":"<div class=\"mc-column content-text active-extra-styles \" data-block-type=\"unstyled\" data-block-weight=\"43\" data-block-id=\"2\">\n<p class=\"content-text__container \" data-track-category=\"Link no Texto\" data-track-links=\"\">Um inc\u00eandio de grandes propor\u00e7\u00f5es atinge uma \u00e1rea de prote\u00e7\u00e3o ambiental no Parque Lagoa das Bateias, que fica na cidade de Vit\u00f3ria da Conquista, sudoeste da Bahia. O fogo come\u00e7ou por volta do meio dia desta quarta-feira (15). N\u00e3o h\u00e1 registro de feridos.<\/p>\n<\/div>\n<div class=\"wall protected-content\">\n<div class=\"mc-column content-text active-extra-styles \" data-block-type=\"unstyled\" data-block-weight=\"47\" data-block-id=\"3\">\n<p class=\"content-text__container \" data-track-category=\"Link no Texto\" data-track-links=\"\">O Corpo de Bombeiros est\u00e1 no local com uma viatura e dois carros-pipa. Refor\u00e7os j\u00e1 foram acionados. A suspeita \u00e9 de que as chamas tenham sido provocadas em uma a\u00e7\u00e3o criminosa. O fogo come\u00e7ou na lagoa que fica dentro do local e d\u00e1 nome ao parque.<\/p>\n<p data-track-category=\"Link no Texto\" data-track-links=\"\">Os primeiros focos foram vistos na taboa, que \u00e9 um tipo de vegeta\u00e7\u00e3o aqu\u00e1tica. Por isso, os bombeiros t\u00eam dificuldade em chegar no local para conter as chamas. O tempo seco e o calor contribuem para que as chamas se alastrarem rapidamente. G1 Bahia.<\/p>\n<p data-track-category=\"Link no Texto\" data-track-links=\"\">\n<\/div>\n<\/div>\n","protected":false},"excerpt":{"rendered":"<p>Um inc\u00eandio de grandes propor\u00e7\u00f5es atinge uma \u00e1rea de prote\u00e7\u00e3o ambiental no Parque Lagoa das Bateias, que fica na cidade de Vit\u00f3ria da Conquista, sudoeste da Bahia. O fogo come\u00e7ou por volta do meio dia desta quarta-feira (15). N\u00e3o h\u00e1 registro de feridos. O Corpo de Bombeiros est\u00e1 no local com uma viatura e dois carros-pipa. Refor\u00e7os j\u00e1 foram acionados. A suspeita \u00e9 de que as chamas tenham sido provocadas em uma a\u00e7\u00e3o criminosa. O fogo come\u00e7ou na lagoa que fica dentro do local e d\u00e1 nome ao parque. Os primeiros focos foram vistos na taboa, que \u00e9 um tipo [&hellip;]<\/p>\n","protected":false},"author":4,"featured_media":0,"comment_status":"open","ping_status":"open","sticky":false,"template":"","format":"standard","meta":[],"categories":[362],"tags":[497,447],"_links":{"self":[{"href":"https:\/\/www.cronicasdeitarantim.com.br\/v1\/wp-json\/wp\/v2\/posts\/142337"}],"collection":[{"href":"https:\/\/www.cronicasdeitarantim.com.br\/v1\/wp-json\/wp\/v2\/posts"}],"about":[{"href":"https:\/\/www.cronicasdeitarantim.com.br\/v1\/wp-json\/wp\/v2\/types\/post"}],"author":[{"embeddable":true,"href":"https:\/\/www.cronicasdeitarantim.com.br\/v1\/wp-json\/wp\/v2\/users\/4"}],"replies":[{"embeddable":true,"href":"https:\/\/www.cronicasdeitarantim.com.br\/v1\/wp-json\/wp\/v2\/comments?post=142337"}],"version-history":[{"count":3,"href":"https:\/\/www.cronicasdeitarantim.com.br\/v1\/wp-json\/wp\/v2\/posts\/142337\/revisions"}],"predecessor-version":[{"id":142341,"href":"https:\/\/www.cronicasdeitarantim.com.br\/v1\/wp-json\/wp\/v2\/posts\/142337\/revisions\/142341"}],"wp:attachment":[{"href":"https:\/\/www.cronicasdeitarantim.com.br\/v1\/wp-json\/wp\/v2\/media?parent=142337"}],"wp:term":[{"taxonomy":"category","embeddable":true,"href":"https:\/\/www.cronicasdeitarantim.com.br\/v1\/wp-json\/wp\/v2\/categories?post=142337"},{"taxonomy":"post_tag","embeddable":true,"href":"https:\/\/www.cronicasdeitarantim.com.br\/v1\/wp-json\/wp\/v2\/tags?post=142337"}],"curies":[{"name":"wp","href":"https:\/\/api.w.org\/{rel}","templated":true}]}}