{"id":142310,"date":"2021-09-14T13:21:56","date_gmt":"2021-09-14T16:21:56","guid":{"rendered":"http:\/\/www.cronicasdeitarantim.com.br\/v1\/?p=142310"},"modified":"2021-09-14T13:21:56","modified_gmt":"2021-09-14T16:21:56","slug":"legislativo-logo-mais-sessao-ordinaria-da-camara-de-itarantim-assuntos-das-ultimas-noticias-estarao-em-debate","status":"publish","type":"post","link":"https:\/\/www.cronicasdeitarantim.com.br\/v1\/2021\/09\/14\/legislativo-logo-mais-sessao-ordinaria-da-camara-de-itarantim-assuntos-das-ultimas-noticias-estarao-em-debate\/","title":{"rendered":"LEGISLATIVO] Logo mais Sess\u00e3o Ordin\u00e1ria da C\u00e2mara de Itarantim, assuntos das \u00faltimas not\u00edcias estar\u00e3o em debate"},"content":{"rendered":"<h4>Mais uma Sess\u00e3o Ordin\u00e1ria ser\u00e1 realizada logo mais \u00e0s 18 horas, a convoca\u00e7\u00e3o \u00e9 do presidente da casa, o vereador Zeza. As sess\u00f5es ainda continuam sendo a cada 15 dias e com p\u00fablico resumido, alem da imprensa que cobre as sess\u00f5es. Em contato com alguns vereadores, os mesmo afirmaram ao site que alguns assuntos ser\u00e3o temas de debates nesta edi\u00e7\u00e3o, assuntos que foram not\u00edcias na semana passada. S\u00f3 lembrando que a sess\u00e3o \u00e9 transmitida pela Tv Web Regional no Youtube do mesmo canal, R\u00e1dio Tr\u00eas Pontas FM e R\u00e1dio Itarantim FM.<\/h4>\n","protected":false},"excerpt":{"rendered":"<p>Mais uma Sess\u00e3o Ordin\u00e1ria ser\u00e1 realizada logo mais \u00e0s 18 horas, a convoca\u00e7\u00e3o \u00e9 do presidente da casa, o vereador Zeza. As sess\u00f5es ainda continuam sendo a cada 15 dias e com p\u00fablico resumido, alem da imprensa que cobre as sess\u00f5es. Em contato com alguns vereadores, os mesmo afirmaram ao site que alguns assuntos ser\u00e3o temas de debates nesta edi\u00e7\u00e3o, assuntos que foram not\u00edcias na semana passada. S\u00f3 lembrando que a sess\u00e3o \u00e9 transmitida pela Tv Web Regional no Youtube do mesmo canal, R\u00e1dio Tr\u00eas Pontas FM e R\u00e1dio Itarantim FM.<\/p>\n","protected":false},"author":4,"featured_media":0,"comment_status":"open","ping_status":"open","sticky":false,"template":"","format":"standard","meta":[],"categories":[304],"tags":[385,440],"_links":{"self":[{"href":"https:\/\/www.cronicasdeitarantim.com.br\/v1\/wp-json\/wp\/v2\/posts\/142310"}],"collection":[{"href":"https:\/\/www.cronicasdeitarantim.com.br\/v1\/wp-json\/wp\/v2\/posts"}],"about":[{"href":"https:\/\/www.cronicasdeitarantim.com.br\/v1\/wp-json\/wp\/v2\/types\/post"}],"author":[{"embeddable":true,"href":"https:\/\/www.cronicasdeitarantim.com.br\/v1\/wp-json\/wp\/v2\/users\/4"}],"replies":[{"embeddable":true,"href":"https:\/\/www.cronicasdeitarantim.com.br\/v1\/wp-json\/wp\/v2\/comments?post=142310"}],"version-history":[{"count":1,"href":"https:\/\/www.cronicasdeitarantim.com.br\/v1\/wp-json\/wp\/v2\/posts\/142310\/revisions"}],"predecessor-version":[{"id":142312,"href":"https:\/\/www.cronicasdeitarantim.com.br\/v1\/wp-json\/wp\/v2\/posts\/142310\/revisions\/142312"}],"wp:attachment":[{"href":"https:\/\/www.cronicasdeitarantim.com.br\/v1\/wp-json\/wp\/v2\/media?parent=142310"}],"wp:term":[{"taxonomy":"category","embeddable":true,"href":"https:\/\/www.cronicasdeitarantim.com.br\/v1\/wp-json\/wp\/v2\/categories?post=142310"},{"taxonomy":"post_tag","embeddable":true,"href":"https:\/\/www.cronicasdeitarantim.com.br\/v1\/wp-json\/wp\/v2\/tags?post=142310"}],"curies":[{"name":"wp","href":"https:\/\/api.w.org\/{rel}","templated":true}]}}