{"id":142232,"date":"2021-09-10T11:50:42","date_gmt":"2021-09-10T14:50:42","guid":{"rendered":"http:\/\/www.cronicasdeitarantim.com.br\/v1\/?p=142232"},"modified":"2021-09-10T11:50:42","modified_gmt":"2021-09-10T14:50:42","slug":"em-cidade-do-sul-da-bahia-escola-suspende-aulas-apos-aluna-e-familiares-testarem-positivo-para-covid-19","status":"publish","type":"post","link":"https:\/\/www.cronicasdeitarantim.com.br\/v1\/2021\/09\/10\/em-cidade-do-sul-da-bahia-escola-suspende-aulas-apos-aluna-e-familiares-testarem-positivo-para-covid-19\/","title":{"rendered":"Em cidade do sul da Bahia escola suspende aulas ap\u00f3s aluna e familiares testarem positivo para Covid-19"},"content":{"rendered":"<div class=\"conteudo_post\">\n<p>Duas escolas em Itabuna, no Litoral Sul baiano, suspenderam as aulas nesta sexta-feira (10), ap\u00f3s uma aluna e membros da fam\u00edlia da estudante testarem positivo para a Covid-19.<\/p>\n<p>A adolescente \u00e9 aluna do Col\u00e9gio Estadual de Itabuna, mas como o Centro Territorial de Educa\u00e7\u00e3o Profissional Litoral Sul II (Cetep) funciona no mesmo pr\u00e9dio, a unidade tamb\u00e9m suspendeu suas atividades.<\/p>\n<p>Segundo a diretora do N\u00facleo Territorial de Educa\u00e7\u00e3o Litoral Sul, Leninha Vila Nova, com base nos\u00a0protocolos elaborados para a fase h\u00edbrida, com a retomada gradativa das atividades,\u00a0a suspens\u00e3o das atividades presenciais ser\u00e1 de 14 dias.<\/p>\n<p>Nesta quinta (9), a Secretaria Municipal de Sa\u00fade informou que 53% dos trabalhadores da\u00a0educa\u00e7\u00e3o das redes p\u00fablicas e privadas de ensino ainda n\u00e3o compareceram \u00e0s unidades de sa\u00fade para completar o ciclo vacinal contra o novo coronav\u00edrus.<\/p>\n<p>Conforme dados apresentados, 3.394 profissionais tomaram a primeira dose do imunizante e apenas 1.594 educadores retornaram para tomar a segunda dose.<\/p>\n<p>No total, 76,8% das pessoas adultas, com idade a partir dos 18 anos, j\u00e1 foram imunizados com a primeira dose e 37,7% com a segunda dose ou dose \u00fanica no munic\u00edpio.<\/p>\n<p>Segundo censo publicado na \u00faltima quarta (8) pela gest\u00e3o itabunense, apenas 23,91% dos leitos estavam ocupados na cidade. \u201c\u00c0queles que j\u00e1 se imunizaram com a primeira dose devem completar seu esquema vacinal para que seja evitada uma nova onda\u201d,\u00a0afirmou\u00a0a secret\u00e1ria de Sa\u00fade, L\u00edvia Mendes Aguiar. Fonte: Bahia.Ba.<\/p>\n<\/div>\n<div id=\"div-share\"><\/div>\n","protected":false},"excerpt":{"rendered":"<p>Duas escolas em Itabuna, no Litoral Sul baiano, suspenderam as aulas nesta sexta-feira (10), ap\u00f3s uma aluna e membros da fam\u00edlia da estudante testarem positivo para a Covid-19. A adolescente \u00e9 aluna do Col\u00e9gio Estadual de Itabuna, mas como o Centro Territorial de Educa\u00e7\u00e3o Profissional Litoral Sul II (Cetep) funciona no mesmo pr\u00e9dio, a unidade tamb\u00e9m suspendeu suas atividades. Segundo a diretora do N\u00facleo Territorial de Educa\u00e7\u00e3o Litoral Sul, Leninha Vila Nova, com base nos\u00a0protocolos elaborados para a fase h\u00edbrida, com a retomada gradativa das atividades,\u00a0a suspens\u00e3o das atividades presenciais ser\u00e1 de 14 dias. Nesta quinta (9), a Secretaria Municipal [&hellip;]<\/p>\n","protected":false},"author":4,"featured_media":0,"comment_status":"open","ping_status":"open","sticky":false,"template":"","format":"standard","meta":[],"categories":[295],"tags":[76,506,427],"_links":{"self":[{"href":"https:\/\/www.cronicasdeitarantim.com.br\/v1\/wp-json\/wp\/v2\/posts\/142232"}],"collection":[{"href":"https:\/\/www.cronicasdeitarantim.com.br\/v1\/wp-json\/wp\/v2\/posts"}],"about":[{"href":"https:\/\/www.cronicasdeitarantim.com.br\/v1\/wp-json\/wp\/v2\/types\/post"}],"author":[{"embeddable":true,"href":"https:\/\/www.cronicasdeitarantim.com.br\/v1\/wp-json\/wp\/v2\/users\/4"}],"replies":[{"embeddable":true,"href":"https:\/\/www.cronicasdeitarantim.com.br\/v1\/wp-json\/wp\/v2\/comments?post=142232"}],"version-history":[{"count":1,"href":"https:\/\/www.cronicasdeitarantim.com.br\/v1\/wp-json\/wp\/v2\/posts\/142232\/revisions"}],"predecessor-version":[{"id":142233,"href":"https:\/\/www.cronicasdeitarantim.com.br\/v1\/wp-json\/wp\/v2\/posts\/142232\/revisions\/142233"}],"wp:attachment":[{"href":"https:\/\/www.cronicasdeitarantim.com.br\/v1\/wp-json\/wp\/v2\/media?parent=142232"}],"wp:term":[{"taxonomy":"category","embeddable":true,"href":"https:\/\/www.cronicasdeitarantim.com.br\/v1\/wp-json\/wp\/v2\/categories?post=142232"},{"taxonomy":"post_tag","embeddable":true,"href":"https:\/\/www.cronicasdeitarantim.com.br\/v1\/wp-json\/wp\/v2\/tags?post=142232"}],"curies":[{"name":"wp","href":"https:\/\/api.w.org\/{rel}","templated":true}]}}