{"id":141181,"date":"2021-07-27T18:26:31","date_gmt":"2021-07-27T21:26:31","guid":{"rendered":"http:\/\/www.cronicasdeitarantim.com.br\/v1\/?p=141181"},"modified":"2021-07-27T18:26:31","modified_gmt":"2021-07-27T21:26:31","slug":"eleicao-22-rui-costa-acredita-em-debandada-de-pepistas-baianos-apos-ciro-nogueira-aceitar-convite-de-bolsonaro","status":"publish","type":"post","link":"https:\/\/www.cronicasdeitarantim.com.br\/v1\/2021\/07\/27\/eleicao-22-rui-costa-acredita-em-debandada-de-pepistas-baianos-apos-ciro-nogueira-aceitar-convite-de-bolsonaro\/","title":{"rendered":"ELEI\u00c7\u00c3O 22) Rui Costa acredita em debandada de pepistas baianos ap\u00f3s Ciro Nogueira aceitar convite de Bolsonaro"},"content":{"rendered":"<p>O governador da Bahia, Rui Costa (PT) disse acreditar que deputados baianos do Partido Progressistas (PP) devem sai da legenda nos pr\u00f3ximos dias. Segundo Rui, a motiva\u00e7\u00e3o seria a decis\u00e3o do partido fazer parte do governo Jair Bolsonaro (sem partido), ap\u00f3s o senador piauiense, Ciro Nogueira, aceitar ser ministro da Casa Civil.<\/p>\n<p>&#8220;Alguns deputados j\u00e1 me disseram que migrar\u00e3o para outros partidos. N\u00e3o quero revelar nomes, cada um que se declare no momento que considerar oportuno. O que eu acho que ocorrer\u00e1 \u00e9 isso. Alguns, inclusive por conta da sua pr\u00f3pria li\u00e7\u00e3o, n\u00e3o ficar\u00e3o no partido aqui no estado. Com o grau de rejei\u00e7\u00e3o que o presidente da Rep\u00fablica tem na Bahia, acho que poucos ir\u00e3o desejar ter a imagem atrelada a um desastre desses&#8221;, disse.<\/p>\n<p>No plano local, o PP faz parte da base de apoio de Rui Costa e ocupa a vice-governadoria, na figura de Jo\u00e3o Leal. Em entrevista \u00e0\u00a0<strong>R\u00e1dio Metropole<\/strong>, Gleisi Hoffman, presidente nacional do PT, disse que n\u00e3o acreditar que o PP na Bahia vai deixar o governo. &#8220;As alian\u00e7as locais obedecem seus pr\u00f3prios crit\u00e9rios e na Bahia o PP j\u00e1 est\u00e1 alinhado com o PT, dando base ao governo&#8221;, diz. Fonte Metro1.<\/p>\n","protected":false},"excerpt":{"rendered":"<p>O governador da Bahia, Rui Costa (PT) disse acreditar que deputados baianos do Partido Progressistas (PP) devem sai da legenda nos pr\u00f3ximos dias. Segundo Rui, a motiva\u00e7\u00e3o seria a decis\u00e3o do partido fazer parte do governo Jair Bolsonaro (sem partido), ap\u00f3s o senador piauiense, Ciro Nogueira, aceitar ser ministro da Casa Civil. &#8220;Alguns deputados j\u00e1 me disseram que migrar\u00e3o para outros partidos. N\u00e3o quero revelar nomes, cada um que se declare no momento que considerar oportuno. O que eu acho que ocorrer\u00e1 \u00e9 isso. Alguns, inclusive por conta da sua pr\u00f3pria li\u00e7\u00e3o, n\u00e3o ficar\u00e3o no partido aqui no estado. Com [&hellip;]<\/p>\n","protected":false},"author":4,"featured_media":0,"comment_status":"open","ping_status":"open","sticky":false,"template":"","format":"standard","meta":[],"categories":[304],"tags":[76,433,973],"_links":{"self":[{"href":"https:\/\/www.cronicasdeitarantim.com.br\/v1\/wp-json\/wp\/v2\/posts\/141181"}],"collection":[{"href":"https:\/\/www.cronicasdeitarantim.com.br\/v1\/wp-json\/wp\/v2\/posts"}],"about":[{"href":"https:\/\/www.cronicasdeitarantim.com.br\/v1\/wp-json\/wp\/v2\/types\/post"}],"author":[{"embeddable":true,"href":"https:\/\/www.cronicasdeitarantim.com.br\/v1\/wp-json\/wp\/v2\/users\/4"}],"replies":[{"embeddable":true,"href":"https:\/\/www.cronicasdeitarantim.com.br\/v1\/wp-json\/wp\/v2\/comments?post=141181"}],"version-history":[{"count":1,"href":"https:\/\/www.cronicasdeitarantim.com.br\/v1\/wp-json\/wp\/v2\/posts\/141181\/revisions"}],"predecessor-version":[{"id":141182,"href":"https:\/\/www.cronicasdeitarantim.com.br\/v1\/wp-json\/wp\/v2\/posts\/141181\/revisions\/141182"}],"wp:attachment":[{"href":"https:\/\/www.cronicasdeitarantim.com.br\/v1\/wp-json\/wp\/v2\/media?parent=141181"}],"wp:term":[{"taxonomy":"category","embeddable":true,"href":"https:\/\/www.cronicasdeitarantim.com.br\/v1\/wp-json\/wp\/v2\/categories?post=141181"},{"taxonomy":"post_tag","embeddable":true,"href":"https:\/\/www.cronicasdeitarantim.com.br\/v1\/wp-json\/wp\/v2\/tags?post=141181"}],"curies":[{"name":"wp","href":"https:\/\/api.w.org\/{rel}","templated":true}]}}