{"id":141152,"date":"2021-07-26T23:05:35","date_gmt":"2021-07-27T02:05:35","guid":{"rendered":"http:\/\/www.cronicasdeitarantim.com.br\/v1\/?p=141152"},"modified":"2021-07-26T23:05:35","modified_gmt":"2021-07-27T02:05:35","slug":"em-maiquinique-farmacia-foi-assaltada-neste-final-de-semana-veja-video-no-momento-do-assalto","status":"publish","type":"post","link":"https:\/\/www.cronicasdeitarantim.com.br\/v1\/2021\/07\/26\/em-maiquinique-farmacia-foi-assaltada-neste-final-de-semana-veja-video-no-momento-do-assalto\/","title":{"rendered":"Em Maiquinique farm\u00e1cia foi assaltada neste final de semana, veja v\u00eddeo no momento do assalto"},"content":{"rendered":"<h4>Na \u00faltima noite do dia 24 s\u00e1bado, uma farm\u00e1cia foi assaltada no centro da cidade de Maiquinique. O assalto aconteceu por volta das 20 horas, como informou o blog do Jota Neto. O ladr\u00e3o roubou uma quantidade de dinheiro do caixa que n\u00e3o foi revelada pela farm\u00e1cia. O criminoso ainda n\u00e3o foi identificado at\u00e9 o momento pela pol\u00edcia. Veja o momento do assalto:<\/h4>\n<p><iframe loading=\"lazy\" width=\"1200\" height=\"675\" src=\"https:\/\/www.youtube.com\/embed\/LBgGqEypH04?feature=oembed\" frameborder=\"0\" allow=\"accelerometer; autoplay; clipboard-write; encrypted-media; gyroscope; picture-in-picture\" allowfullscreen><\/iframe><\/p>\n","protected":false},"excerpt":{"rendered":"<p>Na \u00faltima noite do dia 24 s\u00e1bado, uma farm\u00e1cia foi assaltada no centro da cidade de Maiquinique. O assalto aconteceu por volta das 20 horas, como informou o blog do Jota Neto. O ladr\u00e3o roubou uma quantidade de dinheiro do caixa que n\u00e3o foi revelada pela farm\u00e1cia. O criminoso ainda n\u00e3o foi identificado at\u00e9 o momento pela pol\u00edcia. Veja o momento do assalto:<\/p>\n","protected":false},"author":4,"featured_media":0,"comment_status":"open","ping_status":"open","sticky":false,"template":"","format":"standard","meta":[],"categories":[306],"tags":[714,392,537],"_links":{"self":[{"href":"https:\/\/www.cronicasdeitarantim.com.br\/v1\/wp-json\/wp\/v2\/posts\/141152"}],"collection":[{"href":"https:\/\/www.cronicasdeitarantim.com.br\/v1\/wp-json\/wp\/v2\/posts"}],"about":[{"href":"https:\/\/www.cronicasdeitarantim.com.br\/v1\/wp-json\/wp\/v2\/types\/post"}],"author":[{"embeddable":true,"href":"https:\/\/www.cronicasdeitarantim.com.br\/v1\/wp-json\/wp\/v2\/users\/4"}],"replies":[{"embeddable":true,"href":"https:\/\/www.cronicasdeitarantim.com.br\/v1\/wp-json\/wp\/v2\/comments?post=141152"}],"version-history":[{"count":2,"href":"https:\/\/www.cronicasdeitarantim.com.br\/v1\/wp-json\/wp\/v2\/posts\/141152\/revisions"}],"predecessor-version":[{"id":141155,"href":"https:\/\/www.cronicasdeitarantim.com.br\/v1\/wp-json\/wp\/v2\/posts\/141152\/revisions\/141155"}],"wp:attachment":[{"href":"https:\/\/www.cronicasdeitarantim.com.br\/v1\/wp-json\/wp\/v2\/media?parent=141152"}],"wp:term":[{"taxonomy":"category","embeddable":true,"href":"https:\/\/www.cronicasdeitarantim.com.br\/v1\/wp-json\/wp\/v2\/categories?post=141152"},{"taxonomy":"post_tag","embeddable":true,"href":"https:\/\/www.cronicasdeitarantim.com.br\/v1\/wp-json\/wp\/v2\/tags?post=141152"}],"curies":[{"name":"wp","href":"https:\/\/api.w.org\/{rel}","templated":true}]}}