{"id":141043,"date":"2021-07-22T14:53:30","date_gmt":"2021-07-22T17:53:30","guid":{"rendered":"http:\/\/www.cronicasdeitarantim.com.br\/v1\/?p=141043"},"modified":"2021-07-22T14:53:30","modified_gmt":"2021-07-22T17:53:30","slug":"mais-de-200-municipios-baianos-nao-registraram-obitos-por-covid-em-julho-diz-sesab","status":"publish","type":"post","link":"https:\/\/www.cronicasdeitarantim.com.br\/v1\/2021\/07\/22\/mais-de-200-municipios-baianos-nao-registraram-obitos-por-covid-em-julho-diz-sesab\/","title":{"rendered":"Mais de 200 munic\u00edpios baianos n\u00e3o registraram \u00f3bitos por Covid em julho, diz Sesab"},"content":{"rendered":"<div class=\"styles__Body-sc-1ffquwr-7 ePhtZb\">\n<h4>A Secretaria de Sa\u00fade da Bahia divulgou nesta quinta-feira (22) que 202 munic\u00edpios baianos n\u00e3o registraram \u00f3bitos em decorr\u00eancia da Covid-19 no m\u00eas de julho. Entre eles est\u00e3o Len\u00e7\u00f3is, Itacar\u00e9, Ubaitaba e Santa Cruz Da Vit\u00f3ria. (veja lista completa no final)<\/h4>\n<h4>De acordo com o secret\u00e1rio F\u00e1bio Vilas-Boas, \u201ca Bahia ultrapassou a marca de 6 milh\u00f5es de vacinados com a primeira dose ou dose \u00fanica de imunizante contra a Covid-19. Isso representa mais de 53% da popula\u00e7\u00e3o baiana com 18 anos ou mais. Outros indicadores positivos se apresentam, como uma queda de at\u00e9 77% nas interna\u00e7\u00f5es de pessoas acima de 60 anos, quando comparado os meses de mar\u00e7o e junho deste ano\u201d, destaca.<\/h4>\n<h4>Na avalia\u00e7\u00e3o do titular da pasta da Sa\u00fade da Bahia, F\u00e1bio Vilas-Boas, \u201cos dados comprovam a efic\u00e1cia da vacina\u00e7\u00e3o, mas isso s\u00f3 est\u00e1 sendo poss\u00edvel gra\u00e7as ao planejamento estadual na aquisi\u00e7\u00e3o de insumos para a aplica\u00e7\u00e3o das vacinas e a log\u00edstica de distribui\u00e7\u00e3o em at\u00e9 24 horas para os 417 munic\u00edpios. Os gestores municipais tamb\u00e9m est\u00e3o de parab\u00e9ns ao criarem estrat\u00e9gias para vacinar rapidamente\u201d, analisa o secret\u00e1rio.<\/h4>\n<h4><b>Confira os munic\u00edpios:<\/b><\/h4>\n<h4>Aba\u00edra, Abar\u00e9, Adustina, Aiquara, Alcoba\u00e7a, Almadina, Am\u00e9lia Rodrigues, Am\u00e9rica Dourada, Andara\u00ed, Andorinha, Angical, Anguera, Ant\u00f4nio Cardoso, Ant\u00f4nio Gon\u00e7alves, Apor\u00e1, Apuarema, Ara\u00e7as, Araci, Aramari, Arataca, Baixa Grande, Banza\u00ea, Barra, Barra Do Cho\u00e7a, Barra Do Rocha, Barro Alto, Barro Preto, Barrocas, Belmonte, Biritinga, Boa Vista Do Tupim, Bom Jesus Da Serra, Boninal Bonito, Brej\u00f5es, Brejol\u00e2ndia, Buritirama,Ca\u00e9m, Caetanos, Cafarnaum, Cairu Caldeir\u00e3o Grande, Camacan, Can\u00e1polis, Candiba, Canudos, Capela Do Alto Alegre, Cara\u00edbas, Caravelas, Cardeal Da Silva, Castroalves, Catol\u00e2ndia, Caturama, Chorroch\u00f3, Coaraci, Conde, Contendas Do Sincor\u00e1, Cordeiros, Coribe, Cotegipe, Cravol\u00e2ndia, Cris\u00f3polis, Crist\u00f3polis, D\u00e1rio Meira, Dom Bas\u00edlio, Dom Macedo Costa, \u00c9rico Cardoso, Esplanada, F\u00e1tima, Feira Da Mata, Firmino Alves, Floresta Azul, Gavi\u00e3o, Gentio Do Ouro, Governador Mangabeira, Guajeru, Guaratinga, Ibipeba, Ibiquera, Ibirapitanga, Ibirapu\u00e3, Ibirataia, Ibitiara, Ibitit\u00e1, Ichu, Igapor\u00e3, Igrapi\u00fana, Igua\u00ed, Iraquara, Itacar\u00e9, Itagi, Itagib\u00e1, Itagimirim, Itaju Do Col\u00f4nia, Itamb\u00e9, Itanagra, Itap\u00e9, Itapebi, Itapitanga, Itaquara, Itarantim, Itatim, Itoror\u00f3, Itua\u00e7u, Ituber\u00e1, Jacarac, Ijaguaripe, Janda\u00edra, Jiquiri\u00e7\u00e1, Jo\u00e3o Dourado, Jucuru\u00e7u, Jussara, Lagoa Real, Lajedinho, Lajedo Do Tabocal, Lamar\u00e3o, Len\u00e7\u00f3is, Lic\u00ednio De Almeida, Macajuba, Macarani, Maetinga, Maiquinique, Malhada, Malhada De Pedras, Mansid\u00e3o, Mascote, Matina, Milagres, Mirangaba, Mirante, Morpar\u00e1, Mortugaba, Mulungu Do Morro, Mundo Novo, Muniz Ferreira, Muqu\u00e9m De S\u00e3o Francisco, Nordestina, Nova F\u00e1tima, Nova Itarana, Nova Reden\u00e7\u00e3o, Nova Soure, Ouri\u00e7angas, Ourol\u00e2ndia, Palmeiras, Paramirim, Paratinga, Pedr\u00e3o, Pedro Alexandre, Pil\u00e3o Arcado, Pinda\u00ed, Pindoba\u00e7u, Pintadas, Pirip\u00e1, Piritiba, Planaltino, Ponto Novo, Presidente Tancredo Neves, Quixabeira, Retirol\u00e2ndia, Riach\u00e3o Das Neves, Riach\u00e3o Do Jacu\u00edpe, Ribeira Do Amparo, Ribeir\u00e3o Do Largo, Rio Do Pires, Santa B\u00e1rbara, Santa Br\u00edgida, Santa Cruz Cabr\u00e1lia, Santa Cruz Da Vit\u00f3ria, Santa In\u00eas, Santa Teresinha, Santa Luz, Santo Amaro, S\u00e3o F\u00e9lix, S\u00e3o F\u00e9lix Do Coribe, S\u00e3o Francisco Do Conde, S\u00e3o Gabriel, S\u00e3o Jos\u00e9 Da Vit\u00f3ria, S\u00e3o Jos\u00e9 Do Jacu\u00edpe, Saubara, Sa\u00fade, Sebasti\u00e3o Laranjeiras, Senhor Do Bonfim, Serra Do Ramalho, Serra Dourada, Serra Preta, S\u00edtio Do Mato, S\u00edtio Do Quinto, Souto Soares, Tabocas Do Brejo Velho, Tanquinho, Tapero\u00e1, Teofil\u00e2ndia, Terra Nova, Ubaitaba, Urandi, Utinga, V\u00e1rzea Da Ro\u00e7a, V\u00e1rzea Do Po\u00e7o, V\u00e1rzea Nova, Varzedo Vereda, Wagner. Fonte: Metro1.<\/h4>\n<\/div>\n","protected":false},"excerpt":{"rendered":"<p>A Secretaria de Sa\u00fade da Bahia divulgou nesta quinta-feira (22) que 202 munic\u00edpios baianos n\u00e3o registraram \u00f3bitos em decorr\u00eancia da Covid-19 no m\u00eas de julho. Entre eles est\u00e3o Len\u00e7\u00f3is, Itacar\u00e9, Ubaitaba e Santa Cruz Da Vit\u00f3ria. (veja lista completa no final) De acordo com o secret\u00e1rio F\u00e1bio Vilas-Boas, \u201ca Bahia ultrapassou a marca de 6 milh\u00f5es de vacinados com a primeira dose ou dose \u00fanica de imunizante contra a Covid-19. Isso representa mais de 53% da popula\u00e7\u00e3o baiana com 18 anos ou mais. Outros indicadores positivos se apresentam, como uma queda de at\u00e9 77% nas interna\u00e7\u00f5es de pessoas acima de [&hellip;]<\/p>\n","protected":false},"author":4,"featured_media":0,"comment_status":"open","ping_status":"open","sticky":false,"template":"","format":"standard","meta":[],"categories":[295],"tags":[506,1181,676],"_links":{"self":[{"href":"https:\/\/www.cronicasdeitarantim.com.br\/v1\/wp-json\/wp\/v2\/posts\/141043"}],"collection":[{"href":"https:\/\/www.cronicasdeitarantim.com.br\/v1\/wp-json\/wp\/v2\/posts"}],"about":[{"href":"https:\/\/www.cronicasdeitarantim.com.br\/v1\/wp-json\/wp\/v2\/types\/post"}],"author":[{"embeddable":true,"href":"https:\/\/www.cronicasdeitarantim.com.br\/v1\/wp-json\/wp\/v2\/users\/4"}],"replies":[{"embeddable":true,"href":"https:\/\/www.cronicasdeitarantim.com.br\/v1\/wp-json\/wp\/v2\/comments?post=141043"}],"version-history":[{"count":2,"href":"https:\/\/www.cronicasdeitarantim.com.br\/v1\/wp-json\/wp\/v2\/posts\/141043\/revisions"}],"predecessor-version":[{"id":141045,"href":"https:\/\/www.cronicasdeitarantim.com.br\/v1\/wp-json\/wp\/v2\/posts\/141043\/revisions\/141045"}],"wp:attachment":[{"href":"https:\/\/www.cronicasdeitarantim.com.br\/v1\/wp-json\/wp\/v2\/media?parent=141043"}],"wp:term":[{"taxonomy":"category","embeddable":true,"href":"https:\/\/www.cronicasdeitarantim.com.br\/v1\/wp-json\/wp\/v2\/categories?post=141043"},{"taxonomy":"post_tag","embeddable":true,"href":"https:\/\/www.cronicasdeitarantim.com.br\/v1\/wp-json\/wp\/v2\/tags?post=141043"}],"curies":[{"name":"wp","href":"https:\/\/api.w.org\/{rel}","templated":true}]}}