{"id":140985,"date":"2021-07-20T11:45:06","date_gmt":"2021-07-20T14:45:06","guid":{"rendered":"http:\/\/www.cronicasdeitarantim.com.br\/v1\/?p=140985"},"modified":"2021-07-20T11:45:06","modified_gmt":"2021-07-20T14:45:06","slug":"eleicao-2022-acm-neto-lidera-corrida-estadual-com-41-wagner-tem-27","status":"publish","type":"post","link":"https:\/\/www.cronicasdeitarantim.com.br\/v1\/2021\/07\/20\/eleicao-2022-acm-neto-lidera-corrida-estadual-com-41-wagner-tem-27\/","title":{"rendered":"ELEI\u00c7\u00c3O 2022: ACM Neto lidera corrida estadual com 41%; Wagner tem 27%"},"content":{"rendered":"<p>Levantamento do instituto\u00a0Real Data Big Time sobre a disputa ao governo da Bahia em\u00a02022 mostra o ex-prefeito de Salvador, ACM Neto (DEM), com 41% das inten\u00e7\u00f5es de voto no primeiro turno do pleito. O senador Jaques Wagner (PT) aparece em segundo lugar, com 27%.<\/p>\n<p>Na sequ\u00eancia, Jo\u00e3o Roma (Republicanos) tem 4% e Hilton Coelho (PSOL), 2%. Brancos e nulos somam 11%. Entre os entrevistados na pesquisa estimulada (quando os candidatos s\u00e3o apresentados), 15% n\u00e3o souberam ou n\u00e3o responderam a essa pergunta.<\/p>\n<p>O levantamento divulgado\u00a0nesta ter\u00e7a-feira (20), foi realizada em todo o estado\u00a0entre os dias 13 e 15 de julho, com 1.200 pessoas. A margem de erro \u00e9 de 3 pontos percentuais para mais ou para menos. O n\u00edvel de confian\u00e7a \u00e9 de 95%. Fonte: Metro1.<\/p>\n","protected":false},"excerpt":{"rendered":"<p>Levantamento do instituto\u00a0Real Data Big Time sobre a disputa ao governo da Bahia em\u00a02022 mostra o ex-prefeito de Salvador, ACM Neto (DEM), com 41% das inten\u00e7\u00f5es de voto no primeiro turno do pleito. O senador Jaques Wagner (PT) aparece em segundo lugar, com 27%. Na sequ\u00eancia, Jo\u00e3o Roma (Republicanos) tem 4% e Hilton Coelho (PSOL), 2%. Brancos e nulos somam 11%. Entre os entrevistados na pesquisa estimulada (quando os candidatos s\u00e3o apresentados), 15% n\u00e3o souberam ou n\u00e3o responderam a essa pergunta. O levantamento divulgado\u00a0nesta ter\u00e7a-feira (20), foi realizada em todo o estado\u00a0entre os dias 13 e 15 de julho, com [&hellip;]<\/p>\n","protected":false},"author":4,"featured_media":0,"comment_status":"open","ping_status":"open","sticky":false,"template":"","format":"standard","meta":[],"categories":[304],"tags":[76,973],"_links":{"self":[{"href":"https:\/\/www.cronicasdeitarantim.com.br\/v1\/wp-json\/wp\/v2\/posts\/140985"}],"collection":[{"href":"https:\/\/www.cronicasdeitarantim.com.br\/v1\/wp-json\/wp\/v2\/posts"}],"about":[{"href":"https:\/\/www.cronicasdeitarantim.com.br\/v1\/wp-json\/wp\/v2\/types\/post"}],"author":[{"embeddable":true,"href":"https:\/\/www.cronicasdeitarantim.com.br\/v1\/wp-json\/wp\/v2\/users\/4"}],"replies":[{"embeddable":true,"href":"https:\/\/www.cronicasdeitarantim.com.br\/v1\/wp-json\/wp\/v2\/comments?post=140985"}],"version-history":[{"count":2,"href":"https:\/\/www.cronicasdeitarantim.com.br\/v1\/wp-json\/wp\/v2\/posts\/140985\/revisions"}],"predecessor-version":[{"id":140987,"href":"https:\/\/www.cronicasdeitarantim.com.br\/v1\/wp-json\/wp\/v2\/posts\/140985\/revisions\/140987"}],"wp:attachment":[{"href":"https:\/\/www.cronicasdeitarantim.com.br\/v1\/wp-json\/wp\/v2\/media?parent=140985"}],"wp:term":[{"taxonomy":"category","embeddable":true,"href":"https:\/\/www.cronicasdeitarantim.com.br\/v1\/wp-json\/wp\/v2\/categories?post=140985"},{"taxonomy":"post_tag","embeddable":true,"href":"https:\/\/www.cronicasdeitarantim.com.br\/v1\/wp-json\/wp\/v2\/tags?post=140985"}],"curies":[{"name":"wp","href":"https:\/\/api.w.org\/{rel}","templated":true}]}}