{"id":140401,"date":"2021-06-18T23:31:43","date_gmt":"2021-06-19T02:31:43","guid":{"rendered":"http:\/\/www.cronicasdeitarantim.com.br\/v1\/?p=140401"},"modified":"2021-06-18T23:31:43","modified_gmt":"2021-06-19T02:31:43","slug":"economia-ford-paga-mais-de-r-2-bilhoes-a-bahia-por-fechamento-da-fabrica-em-camacari","status":"publish","type":"post","link":"https:\/\/www.cronicasdeitarantim.com.br\/v1\/2021\/06\/18\/economia-ford-paga-mais-de-r-2-bilhoes-a-bahia-por-fechamento-da-fabrica-em-camacari\/","title":{"rendered":"ECONOMIA] Ford paga mais de R$ 2 bilh\u00f5es \u00e0 Bahia por fechamento da f\u00e1brica em Cama\u00e7ari"},"content":{"rendered":"<h4>Em raz\u00e3o do fechamento do seu parque industrial em Cama\u00e7ari, na regi\u00e3o metropolitana de Salvador, a Ford pagar\u00e1 ao \u00a0governo da Bahia uma indeniza\u00e7\u00e3o de R$ 2,15 bilh\u00f5es pela indeniza\u00e7\u00e3o, definida em comum acordo entre as partes e o pagamento foi realizado nesta sexta-feira (18). A informa\u00e7\u00e3o foi confirmada ao\u00a0<strong>Metro1\u00a0<\/strong>pelo Governo do estado.<\/h4>\n<h4>O documento \u00e9 um termo aditivo ao contrato firmado entre as partes em 2014. No antigo acordo, a empresa se comprometeu a realizar investimentos no Complexo Industrial Ford Nordeste, em \u00a0Cama\u00e7ari . Em contrapartida, o governo garantiu a cria\u00e7\u00e3o de \u00a0a\u00e7\u00f5es de fomento e financiamento de capital de giro. Procurada pelo\u00a0<strong>Metro1<\/strong>, a Ford afirmou atrav\u00e9s de sua assessoria, que n\u00e3o vai se manifestar sobre o assunto.<\/h4>\n<h4>Com a decis\u00e3o da Ford por fechar o complexo em definitivo, estes benef\u00edcios foram o par\u00e2metro das negocia\u00e7\u00f5es para se chegar ao valor da indeniza\u00e7\u00e3o devida pela empresa, acrescido de corre\u00e7\u00e3o monet\u00e1ria.<\/h4>\n<h4>A sa\u00edda da montadora do estado foi anunciada em janeiro deste ano, justificada pela crise causada no setor automobil\u00edstico pela pandemia. Metro1.<\/h4>\n","protected":false},"excerpt":{"rendered":"<p>Em raz\u00e3o do fechamento do seu parque industrial em Cama\u00e7ari, na regi\u00e3o metropolitana de Salvador, a Ford pagar\u00e1 ao \u00a0governo da Bahia uma indeniza\u00e7\u00e3o de R$ 2,15 bilh\u00f5es pela indeniza\u00e7\u00e3o, definida em comum acordo entre as partes e o pagamento foi realizado nesta sexta-feira (18). A informa\u00e7\u00e3o foi confirmada ao\u00a0Metro1\u00a0pelo Governo do estado. O documento \u00e9 um termo aditivo ao contrato firmado entre as partes em 2014. No antigo acordo, a empresa se comprometeu a realizar investimentos no Complexo Industrial Ford Nordeste, em \u00a0Cama\u00e7ari . Em contrapartida, o governo garantiu a cria\u00e7\u00e3o de \u00a0a\u00e7\u00f5es de fomento e financiamento de capital [&hellip;]<\/p>\n","protected":false},"author":4,"featured_media":0,"comment_status":"open","ping_status":"open","sticky":false,"template":"","format":"standard","meta":[],"categories":[295],"tags":[76,127,1085],"_links":{"self":[{"href":"https:\/\/www.cronicasdeitarantim.com.br\/v1\/wp-json\/wp\/v2\/posts\/140401"}],"collection":[{"href":"https:\/\/www.cronicasdeitarantim.com.br\/v1\/wp-json\/wp\/v2\/posts"}],"about":[{"href":"https:\/\/www.cronicasdeitarantim.com.br\/v1\/wp-json\/wp\/v2\/types\/post"}],"author":[{"embeddable":true,"href":"https:\/\/www.cronicasdeitarantim.com.br\/v1\/wp-json\/wp\/v2\/users\/4"}],"replies":[{"embeddable":true,"href":"https:\/\/www.cronicasdeitarantim.com.br\/v1\/wp-json\/wp\/v2\/comments?post=140401"}],"version-history":[{"count":1,"href":"https:\/\/www.cronicasdeitarantim.com.br\/v1\/wp-json\/wp\/v2\/posts\/140401\/revisions"}],"predecessor-version":[{"id":140403,"href":"https:\/\/www.cronicasdeitarantim.com.br\/v1\/wp-json\/wp\/v2\/posts\/140401\/revisions\/140403"}],"wp:attachment":[{"href":"https:\/\/www.cronicasdeitarantim.com.br\/v1\/wp-json\/wp\/v2\/media?parent=140401"}],"wp:term":[{"taxonomy":"category","embeddable":true,"href":"https:\/\/www.cronicasdeitarantim.com.br\/v1\/wp-json\/wp\/v2\/categories?post=140401"},{"taxonomy":"post_tag","embeddable":true,"href":"https:\/\/www.cronicasdeitarantim.com.br\/v1\/wp-json\/wp\/v2\/tags?post=140401"}],"curies":[{"name":"wp","href":"https:\/\/api.w.org\/{rel}","templated":true}]}}