{"id":140392,"date":"2021-06-18T14:58:27","date_gmt":"2021-06-18T17:58:27","guid":{"rendered":"http:\/\/www.cronicasdeitarantim.com.br\/v1\/?p=140392"},"modified":"2021-06-18T14:58:27","modified_gmt":"2021-06-18T17:58:27","slug":"em-bh-homem-invade-casa-da-ex-namorada-e-morre-baleado-pelo-atual-dela","status":"publish","type":"post","link":"https:\/\/www.cronicasdeitarantim.com.br\/v1\/2021\/06\/18\/em-bh-homem-invade-casa-da-ex-namorada-e-morre-baleado-pelo-atual-dela\/","title":{"rendered":"Em BH Homem invade casa da ex-namorada e morre baleado pelo atual dela"},"content":{"rendered":"<p>A pol\u00edcia vai investigar as circunst\u00e2ncias da morte de um homem de 38 anos na madrugada desta sexta-feira (18\/6), no Bairro\u00a0<b>Ribeiro de Abreu<\/b>, Regi\u00e3o Nordeste de Belo Horizonte. Segundo a Pol\u00edcia Militar (PM), ele\u00a0<b>invadiu\u00a0<\/b>a\u00a0<b>casa\u00a0<\/b>da ex-namorada, de 39 anos, e foi\u00a0<b>baleado\u00a0<\/b>pelo atual companheiro dela, de 46. O homem foi detido.<\/p>\n<div class=\"containerads\">\n<div id=\"em-publicidade-retangulo-interna\" class=\"publicidade interna ads__with-bg\" data-google-query-id=\"CP6h4dLfofECFQUN1AodZ-oNiA\">\n<div>O crime ocorreu pouco antes da 1h. Quando chegou ao local, a PM se deparou com uma equipe de\u00a0<b>resgate\u00a0<\/b>no im\u00f3vel, mas a v\u00edtima j\u00e1 estava sem vida. O casal contou \u00e0 pol\u00edcia que dormia no quarto quando o\u00a0<b>suspeito\u00a0<\/b>arrombou o port\u00e3o e entrou na resid\u00eancia.<\/div>\n<div><\/div>\n<div>O homem acordou com o\u00a0<b>invasor\u00a0<\/b>dando socos no rosto dele. Mesmo sonolento, ele se levantou da cama e conseguiu pegar o rev\u00f3lver, que estava em um sof\u00e1, e atirou. A bala atingiu a lateral esquerda do\u00a0<b>tronco\u00a0<\/b>do homem, que conseguiu ir at\u00e9 a cozinha, onde caiu.<\/div>\n<div><\/div>\n<div>Segundo a PM, a mulher ligou para o 190 e para o 192, do Servi\u00e7o de Atendimento M\u00f3vel de Urg\u00eancia (Samu), que confirmou a\u00a0<b>morte\u00a0<\/b>do ex-namorado dela.<\/div>\n<div><\/div>\n<div>Ainda de acordo com a pol\u00edcia, a mulher tinha uma medida\u00a0<b>protetiva\u00a0<\/b>contra o ex, que devia permanecer a uma dist\u00e2ncia de 100 metros dela. O namorado dela tamb\u00e9m contou ter sido\u00a0<b>amea\u00e7ado\u00a0<\/b>pelo homem h\u00e1 tr\u00eas meses pelo Instagram, o que foi confirmado pela testemunha. Depois da per\u00edcia, o corpo do homem foi levado ao Instituto M\u00e9dico Legal (IML).<\/p>\n<div class=\"containerads\">A PM informou que o homem que atirou atua como\u00a0<b>vigilante<\/b>, e tem autoriza\u00e7\u00e3o para o porte da arma, que est\u00e1 em situa\u00e7\u00e3o regular. Ap\u00f3s receber atendimento m\u00e9dico na Unidade de Pronto Atendimento Norte (UPA Norte), ele foi\u00a0<b>detido\u00a0<\/b>e levado \u00e0 Central de Flagrantes 1 (Ceflan 1) da Pol\u00edcia Civil, na Regi\u00e3o Leste de BH.<\/p>\n<div>A Pol\u00edcia Civil de Minas Gerais informou que a arma foi apreendida e ser\u00e1 periciada. O suspeito foi ouvido e liberado. \u201cA investiga\u00e7\u00e3o segue em andamento para a total apura\u00e7\u00e3o dos fatos\u201d, diz a institui\u00e7\u00e3o. Fonte: Estado de Minas.<\/div>\n<\/div>\n<\/div>\n<\/div>\n<\/div>\n","protected":false},"excerpt":{"rendered":"<p>A pol\u00edcia vai investigar as circunst\u00e2ncias da morte de um homem de 38 anos na madrugada desta sexta-feira (18\/6), no Bairro\u00a0Ribeiro de Abreu, Regi\u00e3o Nordeste de Belo Horizonte. Segundo a Pol\u00edcia Militar (PM), ele\u00a0invadiu\u00a0a\u00a0casa\u00a0da ex-namorada, de 39 anos, e foi\u00a0baleado\u00a0pelo atual companheiro dela, de 46. O homem foi detido. O crime ocorreu pouco antes da 1h. Quando chegou ao local, a PM se deparou com uma equipe de\u00a0resgate\u00a0no im\u00f3vel, mas a v\u00edtima j\u00e1 estava sem vida. O casal contou \u00e0 pol\u00edcia que dormia no quarto quando o\u00a0suspeito\u00a0arrombou o port\u00e3o e entrou na resid\u00eancia. O homem acordou com o\u00a0invasor\u00a0dando socos no [&hellip;]<\/p>\n","protected":false},"author":4,"featured_media":0,"comment_status":"open","ping_status":"open","sticky":false,"template":"","format":"standard","meta":[],"categories":[306],"tags":[1083,433,997],"_links":{"self":[{"href":"https:\/\/www.cronicasdeitarantim.com.br\/v1\/wp-json\/wp\/v2\/posts\/140392"}],"collection":[{"href":"https:\/\/www.cronicasdeitarantim.com.br\/v1\/wp-json\/wp\/v2\/posts"}],"about":[{"href":"https:\/\/www.cronicasdeitarantim.com.br\/v1\/wp-json\/wp\/v2\/types\/post"}],"author":[{"embeddable":true,"href":"https:\/\/www.cronicasdeitarantim.com.br\/v1\/wp-json\/wp\/v2\/users\/4"}],"replies":[{"embeddable":true,"href":"https:\/\/www.cronicasdeitarantim.com.br\/v1\/wp-json\/wp\/v2\/comments?post=140392"}],"version-history":[{"count":1,"href":"https:\/\/www.cronicasdeitarantim.com.br\/v1\/wp-json\/wp\/v2\/posts\/140392\/revisions"}],"predecessor-version":[{"id":140394,"href":"https:\/\/www.cronicasdeitarantim.com.br\/v1\/wp-json\/wp\/v2\/posts\/140392\/revisions\/140394"}],"wp:attachment":[{"href":"https:\/\/www.cronicasdeitarantim.com.br\/v1\/wp-json\/wp\/v2\/media?parent=140392"}],"wp:term":[{"taxonomy":"category","embeddable":true,"href":"https:\/\/www.cronicasdeitarantim.com.br\/v1\/wp-json\/wp\/v2\/categories?post=140392"},{"taxonomy":"post_tag","embeddable":true,"href":"https:\/\/www.cronicasdeitarantim.com.br\/v1\/wp-json\/wp\/v2\/tags?post=140392"}],"curies":[{"name":"wp","href":"https:\/\/api.w.org\/{rel}","templated":true}]}}