{"id":140340,"date":"2021-06-16T13:17:25","date_gmt":"2021-06-16T16:17:25","guid":{"rendered":"http:\/\/www.cronicasdeitarantim.com.br\/v1\/?p=140340"},"modified":"2021-06-16T13:17:25","modified_gmt":"2021-06-16T16:17:25","slug":"baiano-que-matou-quatro-no-df-foi-preso-por-duplo-homicidio-em-2007-em-barra-do-mendes","status":"publish","type":"post","link":"https:\/\/www.cronicasdeitarantim.com.br\/v1\/2021\/06\/16\/baiano-que-matou-quatro-no-df-foi-preso-por-duplo-homicidio-em-2007-em-barra-do-mendes\/","title":{"rendered":"Baiano que matou quatro no DF foi preso por duplo homic\u00eddio em 2007 em Barra do Mendes"},"content":{"rendered":"<div class=\"box-body\" data-io-article-url=\"https:\/\/www.bahianoticias.com.br\/\">\n<div class=\"text-descricao\">\n<h4>O homem apontado como o &#8220;man\u00edaco de Bras\u00edlia&#8221;, ap\u00f3s ter matado quatro pessoas de uma mesma fam\u00edlia no distrito, j\u00e1 foi preso por um duplo homic\u00eddio em Barra do Mendes. Ele \u00e9 natural do munic\u00edpio e, em 2007, foi capturado pela pol\u00edcia local por conta desse crime.<\/h4>\n<h4 dir=\"ltr\">Segundo relatado pela assessoria de comunica\u00e7\u00e3o da Pol\u00edcia Civil ao Bahia Not\u00edcias, o criminoso foi indiciado pelos assassinatos de Jos\u00e9 Carlos Ben\u00edcio de Oliveira e Manoel Desid\u00e9rio Silva, no povoado de Melancia. O inqu\u00e9rito, conclu\u00eddo e enviado \u00e0 Justi\u00e7a, aponta que ele atingiu as v\u00edtimas com disparos de espingarda e depois fugiu, se apresentando dias depois na unidade policial.<\/h4>\n<h4 dir=\"ltr\">Na ocasi\u00e3o, Souza confessou o crime e disse que foi motivado por uma briga, ap\u00f3s ser acusado de roubo por Manoel Silva. No entanto, cerca de 10 dias depois, ele fugiu e \u00e9 considerado foragido desde ent\u00e3o.<\/h4>\n<h4>S\u00c9RIE DE CRIMES EM BRAS\u00cdLIA<\/h4>\n<h4 dir=\"ltr\">L\u00e1zaro Sousa \u00e9 suspeito de matar quatro pessoas de uma mesma fam\u00edlia em Ceil\u00e2ndia, na zona rural de Bras\u00edlia. O G1 DF conta que ele invadiu a casa dessa fam\u00edlia, onde assassinou, com tiros e facadas, Cl\u00e1udio Vidal, de 48 anos, e os dois filhos dele, Gustavo Vidal, 21, e Carlos Eduardo Vidal, 15. Ele tamb\u00e9m sequestrou Cleonice Marques de Andrade, de 43 anos, esposa de Cl\u00e1udio e m\u00e3e dos jovens. Ela foi encontrada morta tr\u00eas dias depois em um c\u00f3rrego da regi\u00e3o.<\/h4>\n<h4 dir=\"ltr\">S\u00f3 neste ano, ele cometeu ainda outros crimes. De acordo com a publica\u00e7\u00e3o, no dia 26 de abril, Souza invadiu uma casa na regi\u00e3o do Sol Nascente, em Bras\u00edlia, e estuprou uma mulher. Depois, no dia 17 de maio, fez outra fam\u00edlia ref\u00e9m na mesma regi\u00e3o e os amea\u00e7ou.<\/h4>\n<h4 dir=\"ltr\">Ent\u00e3o na \u00faltima quinta (10), ap\u00f3s o qu\u00e1druplo homic\u00eddio, ele rendeu o propriet\u00e1rio de uma fazenda, a filha dele e o caseiro, al\u00e9m de ter roubado um carro em uma ch\u00e1cara. J\u00e1 no s\u00e1bado (12), o criminoso atirou em outras pessoas e trocou tiros contra policiais que tentavam captur\u00e1-lo. At\u00e9 que no domingo (13), ele furtou mais um carro antes de seguir em fuga pela mata. Mesmo procurado por cerca de 200 agentes policiais, o homem n\u00e3o foi detido at\u00e9 a manh\u00e3 desta quarta-feira (16). Fonte: Bahia Not\u00edcias.<\/h4>\n<\/div>\n<\/div>\n<div class=\"box-footer\">\n<div class=\"bar-share clearfix\"><\/div>\n<\/div>\n","protected":false},"excerpt":{"rendered":"<p>O homem apontado como o &#8220;man\u00edaco de Bras\u00edlia&#8221;, ap\u00f3s ter matado quatro pessoas de uma mesma fam\u00edlia no distrito, j\u00e1 foi preso por um duplo homic\u00eddio em Barra do Mendes. Ele \u00e9 natural do munic\u00edpio e, em 2007, foi capturado pela pol\u00edcia local por conta desse crime. Segundo relatado pela assessoria de comunica\u00e7\u00e3o da Pol\u00edcia Civil ao Bahia Not\u00edcias, o criminoso foi indiciado pelos assassinatos de Jos\u00e9 Carlos Ben\u00edcio de Oliveira e Manoel Desid\u00e9rio Silva, no povoado de Melancia. O inqu\u00e9rito, conclu\u00eddo e enviado \u00e0 Justi\u00e7a, aponta que ele atingiu as v\u00edtimas com disparos de espingarda e depois fugiu, se [&hellip;]<\/p>\n","protected":false},"author":4,"featured_media":0,"comment_status":"open","ping_status":"open","sticky":false,"template":"","format":"standard","meta":[],"categories":[306],"tags":[76,563,841],"_links":{"self":[{"href":"https:\/\/www.cronicasdeitarantim.com.br\/v1\/wp-json\/wp\/v2\/posts\/140340"}],"collection":[{"href":"https:\/\/www.cronicasdeitarantim.com.br\/v1\/wp-json\/wp\/v2\/posts"}],"about":[{"href":"https:\/\/www.cronicasdeitarantim.com.br\/v1\/wp-json\/wp\/v2\/types\/post"}],"author":[{"embeddable":true,"href":"https:\/\/www.cronicasdeitarantim.com.br\/v1\/wp-json\/wp\/v2\/users\/4"}],"replies":[{"embeddable":true,"href":"https:\/\/www.cronicasdeitarantim.com.br\/v1\/wp-json\/wp\/v2\/comments?post=140340"}],"version-history":[{"count":1,"href":"https:\/\/www.cronicasdeitarantim.com.br\/v1\/wp-json\/wp\/v2\/posts\/140340\/revisions"}],"predecessor-version":[{"id":140342,"href":"https:\/\/www.cronicasdeitarantim.com.br\/v1\/wp-json\/wp\/v2\/posts\/140340\/revisions\/140342"}],"wp:attachment":[{"href":"https:\/\/www.cronicasdeitarantim.com.br\/v1\/wp-json\/wp\/v2\/media?parent=140340"}],"wp:term":[{"taxonomy":"category","embeddable":true,"href":"https:\/\/www.cronicasdeitarantim.com.br\/v1\/wp-json\/wp\/v2\/categories?post=140340"},{"taxonomy":"post_tag","embeddable":true,"href":"https:\/\/www.cronicasdeitarantim.com.br\/v1\/wp-json\/wp\/v2\/tags?post=140340"}],"curies":[{"name":"wp","href":"https:\/\/api.w.org\/{rel}","templated":true}]}}