{"id":140099,"date":"2021-06-04T10:43:10","date_gmt":"2021-06-04T13:43:10","guid":{"rendered":"http:\/\/www.cronicasdeitarantim.com.br\/v1\/?p=140099"},"modified":"2021-06-04T10:48:19","modified_gmt":"2021-06-04T13:48:19","slug":"religiao-festa-em-homenagem-ao-padroeiro-de-itarantim-santo-antonio-dara-inicio-hoje-sexta-feira","status":"publish","type":"post","link":"https:\/\/www.cronicasdeitarantim.com.br\/v1\/2021\/06\/04\/religiao-festa-em-homenagem-ao-padroeiro-de-itarantim-santo-antonio-dara-inicio-hoje-sexta-feira\/","title":{"rendered":"RELIGI\u00c3O] Festa em homenagem ao padroeiro de Itarantim Santo Ant\u00f4nio dar\u00e1 inicio hoje sexta-feira"},"content":{"rendered":"<p>Uma das mais tradicionais festas religiosas da cidade, os festejos em homenagem ao padroeiro da cidade, Santo Ant\u00f4nio, dar\u00e1 inicio hoje sexta-feira (04). O padroeiro de Itarantim \u00e9 um dos Santos mais venerados no Brasil que tem sua hist\u00f3ria marcada na vida do povo e na religiosidade popular. A festa em homenagem \u00e0 Santo Ant\u00f4nio em Itarantim \u00e9 esperada neste per\u00edodo que abre os festejos dos Santos juninos, Santo Ant\u00f4nio, S\u00e3o Jo\u00e3o e S\u00e3o Pedro, Santos tradicionais para os cat\u00f3licos.<\/p>\n<p>Neste ano o tema geral que a par\u00f3quia ir\u00e1 celebrar \u00e9 SANTO ANT\u00d4NIO, MISSION\u00c1RIO DO PAI, ENSINA-NOS A VIVER A F\u00c9, NA PALAVRA, NA EUCARISTIA, NA CARIDADE E NA MISS\u00c3O. E tamb\u00e9m celebrar\u00e1 o ano de S\u00e3o Jos\u00e9 proclamado pelo Papa Francisco em dezembro de 2020 em virtude do\u00a0158\u00ba anivers\u00e1rio do decreto de proclama\u00e7\u00e3o de S\u00e3o Jos\u00e9 como Padroeiro Universal da Igreja, comemora\u00e7\u00e3o que vai at\u00e9 dezembro deste ano.<\/p>\n<div id=\"attachment_140105\" style=\"width: 310px\" class=\"wp-caption alignleft\"><img aria-describedby=\"caption-attachment-140105\" decoding=\"async\" loading=\"lazy\" class=\"wp-image-140105 size-medium\" src=\"http:\/\/www.cronicasdeitarantim.com.br\/v1\/wp-content\/uploads\/2021\/06\/195569026_2867238766924496_1931473618239502454_n-300x300.jpg\" alt=\"\" width=\"300\" height=\"300\" \/><p id=\"caption-attachment-140105\" class=\"wp-caption-text\">Cartaz de hoje, abertura.<\/p><\/div>\n<p>As celebra\u00e7\u00f5es em homenagem ao Santo padroeiro de Itarantim acontecer\u00e1 todos os dias at\u00e9 o dia 13,\u00a0 dia que se comemora a solenidade de Santo Ant\u00f4nio. As celebra\u00e7\u00f5es ir\u00e3o acontecer no Centro de Pastoral Dom Celso Jos\u00e9, \u00e0 partir das 18 horas e cada noite com um padre diferente que ir\u00e1 aprofundar o tema central e o tema da noite que s\u00e3o os sub-temas que tem liga\u00e7\u00e3o com o tema geral junto ao Padroeiro Universal da Igreja, S\u00e3o Jos\u00e9.<\/p>\n<p>A par\u00f3quia Santo Ant\u00f4nio desde do inicio da pandemia vem seguindo o protocolo e as recomenda\u00e7\u00f5es das autoridades em sa\u00fade p\u00fablica, por isso os festejos do padroeiro h\u00e1 uma limita\u00e7\u00e3o de pessoas, sendo que \u00e9 preciso que os fieis agende para participar.<\/p>\n<p>Veja alguns momentos da festa de Santo Ant\u00f4nio \u00e0 alguns anos registradas pelo o nosso site. Relembre este momentos marcante na par\u00f3quia Santo Ant\u00f4nio. A foto em destaque de mat\u00e9ria \u00e9 antiga (2012\/2013 ou 2014).<\/p>\n<p><iframe loading=\"lazy\" width=\"1200\" height=\"675\" src=\"https:\/\/www.youtube.com\/embed\/SKYujk7LVwE?feature=oembed\" frameborder=\"0\" allow=\"accelerometer; autoplay; clipboard-write; encrypted-media; gyroscope; picture-in-picture\" allowfullscreen><\/iframe><\/p>\n<p><iframe loading=\"lazy\" width=\"1200\" height=\"900\" src=\"https:\/\/www.youtube.com\/embed\/PXvtq_vthHs?feature=oembed\" frameborder=\"0\" allow=\"accelerometer; autoplay; clipboard-write; encrypted-media; gyroscope; picture-in-picture\" allowfullscreen><\/iframe><\/p>\n<p><iframe loading=\"lazy\" width=\"1200\" height=\"900\" src=\"https:\/\/www.youtube.com\/embed\/Dn4Vo8D8DnY?feature=oembed\" frameborder=\"0\" allow=\"accelerometer; autoplay; clipboard-write; encrypted-media; gyroscope; picture-in-picture\" allowfullscreen><\/iframe><\/p>\n<p><iframe loading=\"lazy\" width=\"1200\" height=\"900\" src=\"https:\/\/www.youtube.com\/embed\/-k914pqZV9I?feature=oembed\" frameborder=\"0\" allow=\"accelerometer; autoplay; clipboard-write; encrypted-media; gyroscope; picture-in-picture\" allowfullscreen><\/iframe><\/p>\n<p><iframe loading=\"lazy\" width=\"1200\" height=\"900\" src=\"https:\/\/www.youtube.com\/embed\/IhBTG1p3oBQ?start=8&#038;feature=oembed\" frameborder=\"0\" allow=\"accelerometer; autoplay; clipboard-write; encrypted-media; gyroscope; picture-in-picture\" allowfullscreen><\/iframe><\/p>\n<p><iframe loading=\"lazy\" width=\"1200\" height=\"900\" src=\"https:\/\/www.youtube.com\/embed\/GnTxKDw1VNo?feature=oembed\" frameborder=\"0\" allow=\"accelerometer; autoplay; clipboard-write; encrypted-media; gyroscope; picture-in-picture\" allowfullscreen><\/iframe><\/p>\n<p><iframe loading=\"lazy\" width=\"1200\" height=\"900\" src=\"https:\/\/www.youtube.com\/embed\/hOBx1N1dmT8?start=3&#038;feature=oembed\" frameborder=\"0\" allow=\"accelerometer; autoplay; clipboard-write; encrypted-media; gyroscope; picture-in-picture\" allowfullscreen><\/iframe><\/p>\n<p><iframe loading=\"lazy\" width=\"1200\" height=\"675\" src=\"https:\/\/www.youtube.com\/embed\/90DJfdkVAs4?feature=oembed\" frameborder=\"0\" allow=\"accelerometer; autoplay; clipboard-write; encrypted-media; gyroscope; picture-in-picture\" allowfullscreen><\/iframe><\/p>\n","protected":false},"excerpt":{"rendered":"<p>Uma das mais tradicionais festas religiosas da cidade, os festejos em homenagem ao padroeiro da cidade, Santo Ant\u00f4nio, dar\u00e1 inicio hoje sexta-feira (04). O padroeiro de Itarantim \u00e9 um dos Santos mais venerados no Brasil que tem sua hist\u00f3ria marcada na vida do povo e na religiosidade popular. A festa em homenagem \u00e0 Santo Ant\u00f4nio em Itarantim \u00e9 esperada neste per\u00edodo que abre os festejos dos Santos juninos, Santo Ant\u00f4nio, S\u00e3o Jo\u00e3o e S\u00e3o Pedro, Santos tradicionais para os cat\u00f3licos. Neste ano o tema geral que a par\u00f3quia ir\u00e1 celebrar \u00e9 SANTO ANT\u00d4NIO, MISSION\u00c1RIO DO PAI, ENSINA-NOS A VIVER A [&hellip;]<\/p>\n","protected":false},"author":4,"featured_media":0,"comment_status":"open","ping_status":"open","sticky":false,"template":"","format":"standard","meta":[],"categories":[310],"tags":[385,1034,412,1033],"_links":{"self":[{"href":"https:\/\/www.cronicasdeitarantim.com.br\/v1\/wp-json\/wp\/v2\/posts\/140099"}],"collection":[{"href":"https:\/\/www.cronicasdeitarantim.com.br\/v1\/wp-json\/wp\/v2\/posts"}],"about":[{"href":"https:\/\/www.cronicasdeitarantim.com.br\/v1\/wp-json\/wp\/v2\/types\/post"}],"author":[{"embeddable":true,"href":"https:\/\/www.cronicasdeitarantim.com.br\/v1\/wp-json\/wp\/v2\/users\/4"}],"replies":[{"embeddable":true,"href":"https:\/\/www.cronicasdeitarantim.com.br\/v1\/wp-json\/wp\/v2\/comments?post=140099"}],"version-history":[{"count":4,"href":"https:\/\/www.cronicasdeitarantim.com.br\/v1\/wp-json\/wp\/v2\/posts\/140099\/revisions"}],"predecessor-version":[{"id":140106,"href":"https:\/\/www.cronicasdeitarantim.com.br\/v1\/wp-json\/wp\/v2\/posts\/140099\/revisions\/140106"}],"wp:attachment":[{"href":"https:\/\/www.cronicasdeitarantim.com.br\/v1\/wp-json\/wp\/v2\/media?parent=140099"}],"wp:term":[{"taxonomy":"category","embeddable":true,"href":"https:\/\/www.cronicasdeitarantim.com.br\/v1\/wp-json\/wp\/v2\/categories?post=140099"},{"taxonomy":"post_tag","embeddable":true,"href":"https:\/\/www.cronicasdeitarantim.com.br\/v1\/wp-json\/wp\/v2\/tags?post=140099"}],"curies":[{"name":"wp","href":"https:\/\/api.w.org\/{rel}","templated":true}]}}