{"id":139790,"date":"2021-05-20T14:15:45","date_gmt":"2021-05-20T17:15:45","guid":{"rendered":"http:\/\/www.cronicasdeitarantim.com.br\/v1\/?p=139790"},"modified":"2021-05-20T14:15:45","modified_gmt":"2021-05-20T17:15:45","slug":"eleicao-22-parana-pesquisas-dobradinha-ciro-e-acm-neto-bate-lula-e-wagner-na-bahia","status":"publish","type":"post","link":"https:\/\/www.cronicasdeitarantim.com.br\/v1\/2021\/05\/20\/eleicao-22-parana-pesquisas-dobradinha-ciro-e-acm-neto-bate-lula-e-wagner-na-bahia\/","title":{"rendered":"ELEI\u00c7\u00c3O 22] Paran\u00e1 Pesquisas: &#8216;Dobradinha&#8217; Ciro e ACM Neto &#8216;bate&#8217; Lula e Wagner na Bahia"},"content":{"rendered":"<p>Um levantamento do Instituto Paran\u00e1 Pesquisas, em parceria com o Bahia Not\u00edcias, realizado entre os dias 12 e 15 de maio em 188 munic\u00edpios da Bahia aponta que \u201cdobradinhas\u201d para a elei\u00e7\u00e3o nacional podem influenciar na decis\u00e3o dos eleitores na disputa pelo governo da Bahia. O ex-prefeito de Salvador, ACM Neto (DEM), foi testado ao lado do presidenci\u00e1vel Ciro Gomes (PDT), enquanto o ex-governador Jaques Wagner (PT) apareceu ao lado do ex-presidente Luiz In\u00e1cio Lula da Silva (PT). Nesse cen\u00e1rio, o ex-gestor soteropolitano venceria a disputa pelo Pal\u00e1cio de Ondina.<\/p>\n<p>Os pesquisadores questionaram: \u201cSe as elei\u00e7\u00f5es para governador do estado da Bahia fossem hoje e os candidatos fossem somente ACM Neto com o apoio de Ciro Gomes, Jaques Wagner com o apoio de Lula e Jo\u00e3o Roma com apoio de Jair Bolsonaro, em quem o senhor votaria?\u201d. As respostas apontam que a dupla ACM Neto\/ Ciro obt\u00e9m 38% das inten\u00e7\u00f5es de voto, enquanto Wagner\/ Lula teria 33,6%. \u00c9 uma diferen\u00e7a pequena, inclusive levando em considera\u00e7\u00e3o a margem de erro, de 2% para mais ou para menos.<\/p>\n<p>Ministro da Cidadania e citado como potencial candidato de Bolsonaro na Bahia, Roma teria o apoio de 15,2% dos entrevistados quando associado ao presidente. Apenas 8,9% dos eleitores responderam que votariam nenhum, branco ou nulo e cerca de 4,3% n\u00e3o souberam ou n\u00e3o responderam.<\/p>\n<p>O levantamento ainda questionou se o apoio do presidente Jair Bolsonaro pode ser decisivo para a defini\u00e7\u00e3o do voto a governador. Para 37,2% dos entrevistados, a declara\u00e7\u00e3o do presidente diminui a possibilidade de votar em um candidato. Para 39,2%, no entanto, n\u00e3o h\u00e1 diferen\u00e7a entre o apoio ou n\u00e3o do atual morador do Pal\u00e1cio da Alvorada. J\u00e1 19% dos entrevistados dizem que o apoio de Bolsonaro aumentaria a possibilidade de voto. N\u00e3o souberam ou n\u00e3o opinaram 4,2%.<\/p>\n<div class=\"box-body\" data-io-article-url=\"https:\/\/www.bahianoticias.com.br\/app\/bn-ajax.php\">\n<div class=\"text-descricao\">\n<p>A pesquisa ouviu 2002 pessoas por telefone, utilizando o mapeamento das sete mesorregi\u00f5es definidas pelo IBGE. Fonte: Bahia Not\u00edcias.<\/p>\n<\/div>\n<\/div>\n<div class=\"box-footer\">\n<div class=\"bar-share clearfix\"><\/div>\n<\/div>\n","protected":false},"excerpt":{"rendered":"<p>Um levantamento do Instituto Paran\u00e1 Pesquisas, em parceria com o Bahia Not\u00edcias, realizado entre os dias 12 e 15 de maio em 188 munic\u00edpios da Bahia aponta que \u201cdobradinhas\u201d para a elei\u00e7\u00e3o nacional podem influenciar na decis\u00e3o dos eleitores na disputa pelo governo da Bahia. O ex-prefeito de Salvador, ACM Neto (DEM), foi testado ao lado do presidenci\u00e1vel Ciro Gomes (PDT), enquanto o ex-governador Jaques Wagner (PT) apareceu ao lado do ex-presidente Luiz In\u00e1cio Lula da Silva (PT). Nesse cen\u00e1rio, o ex-gestor soteropolitano venceria a disputa pelo Pal\u00e1cio de Ondina. Os pesquisadores questionaram: \u201cSe as elei\u00e7\u00f5es para governador do estado [&hellip;]<\/p>\n","protected":false},"author":4,"featured_media":0,"comment_status":"open","ping_status":"open","sticky":false,"template":"","format":"standard","meta":[],"categories":[304],"tags":[76,973],"_links":{"self":[{"href":"https:\/\/www.cronicasdeitarantim.com.br\/v1\/wp-json\/wp\/v2\/posts\/139790"}],"collection":[{"href":"https:\/\/www.cronicasdeitarantim.com.br\/v1\/wp-json\/wp\/v2\/posts"}],"about":[{"href":"https:\/\/www.cronicasdeitarantim.com.br\/v1\/wp-json\/wp\/v2\/types\/post"}],"author":[{"embeddable":true,"href":"https:\/\/www.cronicasdeitarantim.com.br\/v1\/wp-json\/wp\/v2\/users\/4"}],"replies":[{"embeddable":true,"href":"https:\/\/www.cronicasdeitarantim.com.br\/v1\/wp-json\/wp\/v2\/comments?post=139790"}],"version-history":[{"count":1,"href":"https:\/\/www.cronicasdeitarantim.com.br\/v1\/wp-json\/wp\/v2\/posts\/139790\/revisions"}],"predecessor-version":[{"id":139792,"href":"https:\/\/www.cronicasdeitarantim.com.br\/v1\/wp-json\/wp\/v2\/posts\/139790\/revisions\/139792"}],"wp:attachment":[{"href":"https:\/\/www.cronicasdeitarantim.com.br\/v1\/wp-json\/wp\/v2\/media?parent=139790"}],"wp:term":[{"taxonomy":"category","embeddable":true,"href":"https:\/\/www.cronicasdeitarantim.com.br\/v1\/wp-json\/wp\/v2\/categories?post=139790"},{"taxonomy":"post_tag","embeddable":true,"href":"https:\/\/www.cronicasdeitarantim.com.br\/v1\/wp-json\/wp\/v2\/tags?post=139790"}],"curies":[{"name":"wp","href":"https:\/\/api.w.org\/{rel}","templated":true}]}}