{"id":139641,"date":"2021-05-13T14:12:03","date_gmt":"2021-05-13T17:12:03","guid":{"rendered":"http:\/\/www.cronicasdeitarantim.com.br\/v1\/?p=139641"},"modified":"2021-05-13T14:40:09","modified_gmt":"2021-05-13T17:40:09","slug":"prefeito-de-itapetinga-sofre-representacao-ao-mpe-e-tera-que-devolver-r321-13360","status":"publish","type":"post","link":"https:\/\/www.cronicasdeitarantim.com.br\/v1\/2021\/05\/13\/prefeito-de-itapetinga-sofre-representacao-ao-mpe-e-tera-que-devolver-r321-13360\/","title":{"rendered":"Prefeito de Itapetinga sofre representa\u00e7\u00e3o ao MPE e ter\u00e1 que devolver R$321.133,60"},"content":{"rendered":"<div class=\"col-12 post_content\">\n<div class=\"col-xl-8 col-12\">\n<p class=\"western\" align=\"justify\">Os conselheiros do Tribunal de Contas dos Munic\u00edpios da Bahia determinaram que seja feita representa\u00e7\u00e3o ao Minist\u00e9rio P\u00fablico Estadual contra o prefeito de Itapetinga, Rodrigo Hagge Costa, pelo pagamento indevido de multas e juros em raz\u00e3o de atraso no recolhimento de parcelas relativas a obriga\u00e7\u00f5es previdenci\u00e1rias, nos exerc\u00edcios de 2017 e 2018. A decis\u00e3o foi tomada por tr\u00eas votos a dois dos conselheiros presentes \u00e0 sess\u00e3o desta quinta-feira (13\/05), realizada por meio eletr\u00f4nico.<\/p>\n<p class=\"western\" align=\"justify\">O prefeito ter\u00e1 que devolver aos cofres municipais a quantia de R$321.133,60, com recursos pessoais, que foram pagos em juros e multas. E pagar uma multa estipulada em R$1,5 mil. A maioria dos conselheiros do TCM entende que o pagamento de multa e juros s\u00f3 ocorre devido \u00e0 omiss\u00e3o dos gestores, que n\u00e3o cumprem adequadamente a obriga\u00e7\u00e3o legal de repassar\/recolher as contribui\u00e7\u00f5es previdenci\u00e1rias no prazo e montante exigidos na legisla\u00e7\u00e3o.<\/p>\n<p class=\"western\" align=\"justify\">O voto divergente foi apresentado pelo conselheiro Raimundo Moreira, que opinou pela proced\u00eancia do termo de ocorr\u00eancia com a aplica\u00e7\u00e3o de multa no valor de R$8 mil. Isto porque, no seu entendimento, n\u00e3o cabe a determina\u00e7\u00e3o de ressarcimento e, consequentemente, a formula\u00e7\u00e3o MPE. Ele foi acompanhado pelo conselheiro substituto Ronaldo Sant\u2019Anna.<\/p>\n<p class=\"western\" align=\"justify\">Os demais conselheiros seguiram o voto do relator, conselheiro Fernando Vita.<\/p>\n<p class=\"western\" align=\"justify\">Cabe recurso das decis\u00f5es.<\/p>\n<p align=\"justify\">*TCM<\/p>\n<\/div>\n<\/div>\n<div class=\"col-xl-8 col-12\">\n<div class=\"qrcode-download\">\n<div><\/div>\n<\/div>\n<\/div>\n","protected":false},"excerpt":{"rendered":"<p>Os conselheiros do Tribunal de Contas dos Munic\u00edpios da Bahia determinaram que seja feita representa\u00e7\u00e3o ao Minist\u00e9rio P\u00fablico Estadual contra o prefeito de Itapetinga, Rodrigo Hagge Costa, pelo pagamento indevido de multas e juros em raz\u00e3o de atraso no recolhimento de parcelas relativas a obriga\u00e7\u00f5es previdenci\u00e1rias, nos exerc\u00edcios de 2017 e 2018. A decis\u00e3o foi tomada por tr\u00eas votos a dois dos conselheiros presentes \u00e0 sess\u00e3o desta quinta-feira (13\/05), realizada por meio eletr\u00f4nico. O prefeito ter\u00e1 que devolver aos cofres municipais a quantia de R$321.133,60, com recursos pessoais, que foram pagos em juros e multas. E pagar uma multa estipulada [&hellip;]<\/p>\n","protected":false},"author":4,"featured_media":0,"comment_status":"open","ping_status":"open","sticky":false,"template":"","format":"standard","meta":[],"categories":[316],"tags":[425,427],"_links":{"self":[{"href":"https:\/\/www.cronicasdeitarantim.com.br\/v1\/wp-json\/wp\/v2\/posts\/139641"}],"collection":[{"href":"https:\/\/www.cronicasdeitarantim.com.br\/v1\/wp-json\/wp\/v2\/posts"}],"about":[{"href":"https:\/\/www.cronicasdeitarantim.com.br\/v1\/wp-json\/wp\/v2\/types\/post"}],"author":[{"embeddable":true,"href":"https:\/\/www.cronicasdeitarantim.com.br\/v1\/wp-json\/wp\/v2\/users\/4"}],"replies":[{"embeddable":true,"href":"https:\/\/www.cronicasdeitarantim.com.br\/v1\/wp-json\/wp\/v2\/comments?post=139641"}],"version-history":[{"count":2,"href":"https:\/\/www.cronicasdeitarantim.com.br\/v1\/wp-json\/wp\/v2\/posts\/139641\/revisions"}],"predecessor-version":[{"id":139644,"href":"https:\/\/www.cronicasdeitarantim.com.br\/v1\/wp-json\/wp\/v2\/posts\/139641\/revisions\/139644"}],"wp:attachment":[{"href":"https:\/\/www.cronicasdeitarantim.com.br\/v1\/wp-json\/wp\/v2\/media?parent=139641"}],"wp:term":[{"taxonomy":"category","embeddable":true,"href":"https:\/\/www.cronicasdeitarantim.com.br\/v1\/wp-json\/wp\/v2\/categories?post=139641"},{"taxonomy":"post_tag","embeddable":true,"href":"https:\/\/www.cronicasdeitarantim.com.br\/v1\/wp-json\/wp\/v2\/tags?post=139641"}],"curies":[{"name":"wp","href":"https:\/\/api.w.org\/{rel}","templated":true}]}}