{"id":139355,"date":"2021-04-28T19:53:26","date_gmt":"2021-04-28T22:53:26","guid":{"rendered":"http:\/\/www.cronicasdeitarantim.com.br\/v1\/?p=139355"},"modified":"2021-04-28T19:53:26","modified_gmt":"2021-04-28T22:53:26","slug":"stf-determina-realizacao-de-censo-na-bahia-15-milhoes-de-domicilios-serao-visitados","status":"publish","type":"post","link":"https:\/\/www.cronicasdeitarantim.com.br\/v1\/2021\/04\/28\/stf-determina-realizacao-de-censo-na-bahia-15-milhoes-de-domicilios-serao-visitados\/","title":{"rendered":"STF determina realiza\u00e7\u00e3o de censo; na Bahia, 15 milh\u00f5es de domic\u00edlios ser\u00e3o visitados"},"content":{"rendered":"<p>Por decis\u00e3o do ministro Marco Aur\u00e9lio Mello, do Supremo Tribunal Federal (STF), o governo federal dever\u00e1 tomar provid\u00eancias para realizar o Censo demogr\u00e1fico. Publicada nesta quarta-feira (28), em resposta a um pedido do governo do Maranh\u00e3o. Na Bahia, segundo o Instituto Nacional de Geografia e Estat\u00edstica (IBGE), cerca de 15 milh\u00f5es de domic\u00edlios ser\u00e3o visitados no Censo.<\/p>\n<p>Realizada a cada dez anos, a pesquisa que deveria acontecer em 2020, foi adiada em raz\u00e3o da pandemia do novo coronav\u00edrus. Na semana passada,\u00a0<strong><a href=\"https:\/\/www.metro1.com.br\/noticias\/brasil\/106392,orcamento-de-2021-nao-preve-recursos-para-realizacao-do-censo-diz-governo\">o governo confirmou que o Or\u00e7amento de 2021 n\u00e3o reservava recursos para o Censo, o que impediria sua realiza\u00e7\u00e3o neste ano.<\/a><\/strong><\/p>\n<p>\u201cO Censo \u00e9 uma pesquisa essencial para o pa\u00eds, e muito importante para o IBGE. Principalmente por ser a \u00fanica pesquisa que alcan\u00e7a todos os munic\u00edpios e domic\u00edlios do pa\u00eds. Fazer essa contagem da popula\u00e7\u00e3o \u00e9 necess\u00e1rio porque essa contagem \u00e9 a base utilizada para implementa\u00e7\u00e3o e avalia\u00e7\u00e3o de pol\u00edticas p\u00fablicas, inclusive para determinar repasses que s\u00e3o fundamentais para os munic\u00edpios&#8217;, explica a coordenadora de dissemina\u00e7\u00e3o de informa\u00e7\u00f5es do IBGE na Bahia, Mariana Viveiros.<\/p>\n<p>Mariana ainda explica que o Censo tamb\u00e9m ajuda na tomada de decis\u00f5es para o setor privado e interfere no trabalho do pr\u00f3prio IBGE. \u201cOs n\u00fameros do censo s\u00e3o fundamentais para embasar decis\u00f5es de investimentos do setor privado e ainda ajudam o pr\u00f3prio IBGE a calibrar as amostras usadas em outras pesquisas, que s\u00e3o feitas por amostragem. \u00c9 a partir do censo que a gente determina essas amostras\u201d, detalha.<\/p>\n<p>Segundo o IBGE, na Bahia o planejamento \u00e9 contratar 14 mil pessoas para a realiza\u00e7\u00e3o da pesquisa. Desses, 12.200 ser\u00e3o recenseadores, que v\u00e3o cobrir os cerca de 15 milh\u00f5es de domic\u00edlios baianos. Os demais atuar\u00e3o como agentes censit\u00e1rios, em cargos de supervis\u00e3o. Fonte: Metro1.<\/p>\n","protected":false},"excerpt":{"rendered":"<p>Por decis\u00e3o do ministro Marco Aur\u00e9lio Mello, do Supremo Tribunal Federal (STF), o governo federal dever\u00e1 tomar provid\u00eancias para realizar o Censo demogr\u00e1fico. Publicada nesta quarta-feira (28), em resposta a um pedido do governo do Maranh\u00e3o. Na Bahia, segundo o Instituto Nacional de Geografia e Estat\u00edstica (IBGE), cerca de 15 milh\u00f5es de domic\u00edlios ser\u00e3o visitados no Censo. Realizada a cada dez anos, a pesquisa que deveria acontecer em 2020, foi adiada em raz\u00e3o da pandemia do novo coronav\u00edrus. Na semana passada,\u00a0o governo confirmou que o Or\u00e7amento de 2021 n\u00e3o reservava recursos para o Censo, o que impediria sua realiza\u00e7\u00e3o neste [&hellip;]<\/p>\n","protected":false},"author":4,"featured_media":0,"comment_status":"open","ping_status":"open","sticky":false,"template":"","format":"standard","meta":[],"categories":[1],"tags":[433,158],"_links":{"self":[{"href":"https:\/\/www.cronicasdeitarantim.com.br\/v1\/wp-json\/wp\/v2\/posts\/139355"}],"collection":[{"href":"https:\/\/www.cronicasdeitarantim.com.br\/v1\/wp-json\/wp\/v2\/posts"}],"about":[{"href":"https:\/\/www.cronicasdeitarantim.com.br\/v1\/wp-json\/wp\/v2\/types\/post"}],"author":[{"embeddable":true,"href":"https:\/\/www.cronicasdeitarantim.com.br\/v1\/wp-json\/wp\/v2\/users\/4"}],"replies":[{"embeddable":true,"href":"https:\/\/www.cronicasdeitarantim.com.br\/v1\/wp-json\/wp\/v2\/comments?post=139355"}],"version-history":[{"count":1,"href":"https:\/\/www.cronicasdeitarantim.com.br\/v1\/wp-json\/wp\/v2\/posts\/139355\/revisions"}],"predecessor-version":[{"id":139356,"href":"https:\/\/www.cronicasdeitarantim.com.br\/v1\/wp-json\/wp\/v2\/posts\/139355\/revisions\/139356"}],"wp:attachment":[{"href":"https:\/\/www.cronicasdeitarantim.com.br\/v1\/wp-json\/wp\/v2\/media?parent=139355"}],"wp:term":[{"taxonomy":"category","embeddable":true,"href":"https:\/\/www.cronicasdeitarantim.com.br\/v1\/wp-json\/wp\/v2\/categories?post=139355"},{"taxonomy":"post_tag","embeddable":true,"href":"https:\/\/www.cronicasdeitarantim.com.br\/v1\/wp-json\/wp\/v2\/tags?post=139355"}],"curies":[{"name":"wp","href":"https:\/\/api.w.org\/{rel}","templated":true}]}}