{"id":139230,"date":"2021-04-21T18:48:25","date_gmt":"2021-04-21T21:48:25","guid":{"rendered":"http:\/\/www.cronicasdeitarantim.com.br\/v1\/?p=139230"},"modified":"2021-04-21T18:48:25","modified_gmt":"2021-04-21T21:48:25","slug":"bahia-mortes-em-decorrencia-da-covid-19-volta-a-subir-na-bahia-depois-de-queda","status":"publish","type":"post","link":"https:\/\/www.cronicasdeitarantim.com.br\/v1\/2021\/04\/21\/bahia-mortes-em-decorrencia-da-covid-19-volta-a-subir-na-bahia-depois-de-queda\/","title":{"rendered":"BAHIA] Mortes em decorr\u00eancia da Covid-19 volta a subir na Bahia depois de queda"},"content":{"rendered":"<div class=\"desc-noticia\">\n<div class=\"corpo-noticia\">\n<h4>A Bahia registrou nas \u00faltimas 24 horas 3.625\u00a0casos de coronav\u00edrus e 118 mortes em decorr\u00eancia da Covid-19, segundo boletim divulgado hoje (21) pela Secretaria de Sa\u00fade do Estado (Sesab). Ao todo, a Bahia tem 871.672 casos confirmados e 17.574 \u00f3bitos desde o in\u00edcio da pandemia.<\/h4>\n<h4>O n\u00famero total de \u00f3bitos por Covid-19 na Bahia desde o in\u00edcio da pandemia \u00e9 de 17.574, representando uma letalidade de 2,02%. Dentre os \u00f3bitos, 55,46% ocorreram no sexo masculino e 44,54% no sexo feminino. Em rela\u00e7\u00e3o ao quesito ra\u00e7a e cor, 54,61% corresponderam a parda, seguidos por branca com 21,90%, preta com 15,37%, amarela com 0,47%, ind\u00edgena com 0,13% e n\u00e3o h\u00e1 informa\u00e7\u00e3o em 7,53% dos \u00f3bitos. O percentual de casos com comorbidade foi de 65,30%, com maior percentual de doen\u00e7as card\u00edacas e cr\u00f4nicas (73,60%).<\/h4>\n<h4>Ao todo, 838.071 pessoas j\u00e1 est\u00e3o curadas da doen\u00e7a. Na Bahia, 46.729 profissionais da sa\u00fade foram confirmados para Covid-19.<\/h4>\n<h4>No estado, dos 3.449 leitos dispon\u00edveis do Sistema \u00danico de Sa\u00fade (SUS) exclusivos para coronav\u00edrus, 2.413 possuem pacientes internados, o que representa uma taxa de ocupa\u00e7\u00e3o de UTI adulto de 80%. Vale lembrar que o n\u00famero de leitos \u00e9 flutuante, representando o quantitativo exato de vagas dispon\u00edveis no dia.<\/h4>\n<p>&nbsp;<\/p>\n<\/div>\n<\/div>\n","protected":false},"excerpt":{"rendered":"<p>A Bahia registrou nas \u00faltimas 24 horas 3.625\u00a0casos de coronav\u00edrus e 118 mortes em decorr\u00eancia da Covid-19, segundo boletim divulgado hoje (21) pela Secretaria de Sa\u00fade do Estado (Sesab). Ao todo, a Bahia tem 871.672 casos confirmados e 17.574 \u00f3bitos desde o in\u00edcio da pandemia. O n\u00famero total de \u00f3bitos por Covid-19 na Bahia desde o in\u00edcio da pandemia \u00e9 de 17.574, representando uma letalidade de 2,02%. Dentre os \u00f3bitos, 55,46% ocorreram no sexo masculino e 44,54% no sexo feminino. Em rela\u00e7\u00e3o ao quesito ra\u00e7a e cor, 54,61% corresponderam a parda, seguidos por branca com 21,90%, preta com 15,37%, amarela [&hellip;]<\/p>\n","protected":false},"author":4,"featured_media":0,"comment_status":"open","ping_status":"open","sticky":false,"template":"","format":"standard","meta":[],"categories":[295],"tags":[506],"_links":{"self":[{"href":"https:\/\/www.cronicasdeitarantim.com.br\/v1\/wp-json\/wp\/v2\/posts\/139230"}],"collection":[{"href":"https:\/\/www.cronicasdeitarantim.com.br\/v1\/wp-json\/wp\/v2\/posts"}],"about":[{"href":"https:\/\/www.cronicasdeitarantim.com.br\/v1\/wp-json\/wp\/v2\/types\/post"}],"author":[{"embeddable":true,"href":"https:\/\/www.cronicasdeitarantim.com.br\/v1\/wp-json\/wp\/v2\/users\/4"}],"replies":[{"embeddable":true,"href":"https:\/\/www.cronicasdeitarantim.com.br\/v1\/wp-json\/wp\/v2\/comments?post=139230"}],"version-history":[{"count":1,"href":"https:\/\/www.cronicasdeitarantim.com.br\/v1\/wp-json\/wp\/v2\/posts\/139230\/revisions"}],"predecessor-version":[{"id":139231,"href":"https:\/\/www.cronicasdeitarantim.com.br\/v1\/wp-json\/wp\/v2\/posts\/139230\/revisions\/139231"}],"wp:attachment":[{"href":"https:\/\/www.cronicasdeitarantim.com.br\/v1\/wp-json\/wp\/v2\/media?parent=139230"}],"wp:term":[{"taxonomy":"category","embeddable":true,"href":"https:\/\/www.cronicasdeitarantim.com.br\/v1\/wp-json\/wp\/v2\/categories?post=139230"},{"taxonomy":"post_tag","embeddable":true,"href":"https:\/\/www.cronicasdeitarantim.com.br\/v1\/wp-json\/wp\/v2\/tags?post=139230"}],"curies":[{"name":"wp","href":"https:\/\/api.w.org\/{rel}","templated":true}]}}