{"id":139178,"date":"2021-04-20T10:56:15","date_gmt":"2021-04-20T13:56:15","guid":{"rendered":"http:\/\/www.cronicasdeitarantim.com.br\/v1\/?p=139178"},"modified":"2021-04-20T10:56:15","modified_gmt":"2021-04-20T13:56:15","slug":"em-itapetinga-secretaria-de-saude-concentra-vacinacao-num-unico-local-e-idosos-varam-noite-para-receber-imunizante","status":"publish","type":"post","link":"https:\/\/www.cronicasdeitarantim.com.br\/v1\/2021\/04\/20\/em-itapetinga-secretaria-de-saude-concentra-vacinacao-num-unico-local-e-idosos-varam-noite-para-receber-imunizante\/","title":{"rendered":"Em Itapetinga secretaria de sa\u00fade concentra vacina\u00e7\u00e3o num \u00fanico local e idosos varam noite para receber imunizante"},"content":{"rendered":"<h4>Em Itapetinga no sudoeste baiano, uma multid\u00e3o de pessoas vararam a madrugada para receberem a dose da vacina que, segundo informou o Programa Bom dia Vitta, a maioria s\u00e3o pessoas de idade (60 anos). O programa ainda afirmou que a secretaria de sa\u00fade do munic\u00edpio n\u00e3o teve log\u00edstica e faltou comunica\u00e7\u00e3o por parte da Ascom da prefeitura.<\/h4>\n<h4>De acordo com o site Ireporter, os idosos pernoitaram das 21 horas desta segunda-feira (19) para garantir a vacina que come\u00e7aria hoje (ter\u00e7a-feira 20) das 08 horas \u00e0s 16.<\/h4>\n<h4>Ainda segundo informou o Programa Bom Dia Vitta, a vacina\u00e7\u00e3o aconteceu somente num local concentrando ainda mais pessoas no col\u00e9gio Jos\u00e9 Marcos Gusm\u00e3o Bairro Ot\u00e1vio Cam\u00f5es.<\/h4>\n<p>&nbsp;<\/p>\n","protected":false},"excerpt":{"rendered":"<p>Em Itapetinga no sudoeste baiano, uma multid\u00e3o de pessoas vararam a madrugada para receberem a dose da vacina que, segundo informou o Programa Bom dia Vitta, a maioria s\u00e3o pessoas de idade (60 anos). O programa ainda afirmou que a secretaria de sa\u00fade do munic\u00edpio n\u00e3o teve log\u00edstica e faltou comunica\u00e7\u00e3o por parte da Ascom da prefeitura. De acordo com o site Ireporter, os idosos pernoitaram das 21 horas desta segunda-feira (19) para garantir a vacina que come\u00e7aria hoje (ter\u00e7a-feira 20) das 08 horas \u00e0s 16. Ainda segundo informou o Programa Bom Dia Vitta, a vacina\u00e7\u00e3o aconteceu somente num local [&hellip;]<\/p>\n","protected":false},"author":4,"featured_media":0,"comment_status":"open","ping_status":"open","sticky":false,"template":"","format":"standard","meta":[],"categories":[316],"tags":[425,676],"_links":{"self":[{"href":"https:\/\/www.cronicasdeitarantim.com.br\/v1\/wp-json\/wp\/v2\/posts\/139178"}],"collection":[{"href":"https:\/\/www.cronicasdeitarantim.com.br\/v1\/wp-json\/wp\/v2\/posts"}],"about":[{"href":"https:\/\/www.cronicasdeitarantim.com.br\/v1\/wp-json\/wp\/v2\/types\/post"}],"author":[{"embeddable":true,"href":"https:\/\/www.cronicasdeitarantim.com.br\/v1\/wp-json\/wp\/v2\/users\/4"}],"replies":[{"embeddable":true,"href":"https:\/\/www.cronicasdeitarantim.com.br\/v1\/wp-json\/wp\/v2\/comments?post=139178"}],"version-history":[{"count":1,"href":"https:\/\/www.cronicasdeitarantim.com.br\/v1\/wp-json\/wp\/v2\/posts\/139178\/revisions"}],"predecessor-version":[{"id":139180,"href":"https:\/\/www.cronicasdeitarantim.com.br\/v1\/wp-json\/wp\/v2\/posts\/139178\/revisions\/139180"}],"wp:attachment":[{"href":"https:\/\/www.cronicasdeitarantim.com.br\/v1\/wp-json\/wp\/v2\/media?parent=139178"}],"wp:term":[{"taxonomy":"category","embeddable":true,"href":"https:\/\/www.cronicasdeitarantim.com.br\/v1\/wp-json\/wp\/v2\/categories?post=139178"},{"taxonomy":"post_tag","embeddable":true,"href":"https:\/\/www.cronicasdeitarantim.com.br\/v1\/wp-json\/wp\/v2\/tags?post=139178"}],"curies":[{"name":"wp","href":"https:\/\/api.w.org\/{rel}","templated":true}]}}