{"id":138875,"date":"2021-04-06T16:18:04","date_gmt":"2021-04-06T19:18:04","guid":{"rendered":"http:\/\/www.cronicasdeitarantim.com.br\/v1\/?p=138875"},"modified":"2021-04-06T16:18:04","modified_gmt":"2021-04-06T19:18:04","slug":"dia-mundial-da-atividade-fisica-pratique-exercicio-uma-recomendacao-do-professor-alvimar-moraes","status":"publish","type":"post","link":"https:\/\/www.cronicasdeitarantim.com.br\/v1\/2021\/04\/06\/dia-mundial-da-atividade-fisica-pratique-exercicio-uma-recomendacao-do-professor-alvimar-moraes\/","title":{"rendered":"Dia Mundial da Atividade F\u00edsica, pratique exerc\u00edcio, uma recomenda\u00e7\u00e3o do professor Alvimar Moraes"},"content":{"rendered":"<p>NO DIA MUNDIAL DA ATIVIDADE F\u00cdSICA, O PROFESSOR ALVIMAR MORAES RECOMENDA ATIVIDADES F\u00cdSICAS DE FORMA REGULAR E COM UM PROFISSIONAL.<\/p>\n<p><img decoding=\"async\" loading=\"lazy\" class=\"alignnone size-medium wp-image-138876\" src=\"http:\/\/www.cronicasdeitarantim.com.br\/v1\/wp-content\/uploads\/2021\/04\/WhatsApp-Image-2021-04-06-at-15.10.31-300x300.jpeg\" alt=\"\" width=\"300\" height=\"300\" \/><\/p>\n","protected":false},"excerpt":{"rendered":"<p>NO DIA MUNDIAL DA ATIVIDADE F\u00cdSICA, O PROFESSOR ALVIMAR MORAES RECOMENDA ATIVIDADES F\u00cdSICAS DE FORMA REGULAR E COM UM PROFISSIONAL.<\/p>\n","protected":false},"author":4,"featured_media":0,"comment_status":"open","ping_status":"open","sticky":false,"template":"","format":"standard","meta":[],"categories":[14],"tags":[889],"_links":{"self":[{"href":"https:\/\/www.cronicasdeitarantim.com.br\/v1\/wp-json\/wp\/v2\/posts\/138875"}],"collection":[{"href":"https:\/\/www.cronicasdeitarantim.com.br\/v1\/wp-json\/wp\/v2\/posts"}],"about":[{"href":"https:\/\/www.cronicasdeitarantim.com.br\/v1\/wp-json\/wp\/v2\/types\/post"}],"author":[{"embeddable":true,"href":"https:\/\/www.cronicasdeitarantim.com.br\/v1\/wp-json\/wp\/v2\/users\/4"}],"replies":[{"embeddable":true,"href":"https:\/\/www.cronicasdeitarantim.com.br\/v1\/wp-json\/wp\/v2\/comments?post=138875"}],"version-history":[{"count":1,"href":"https:\/\/www.cronicasdeitarantim.com.br\/v1\/wp-json\/wp\/v2\/posts\/138875\/revisions"}],"predecessor-version":[{"id":138877,"href":"https:\/\/www.cronicasdeitarantim.com.br\/v1\/wp-json\/wp\/v2\/posts\/138875\/revisions\/138877"}],"wp:attachment":[{"href":"https:\/\/www.cronicasdeitarantim.com.br\/v1\/wp-json\/wp\/v2\/media?parent=138875"}],"wp:term":[{"taxonomy":"category","embeddable":true,"href":"https:\/\/www.cronicasdeitarantim.com.br\/v1\/wp-json\/wp\/v2\/categories?post=138875"},{"taxonomy":"post_tag","embeddable":true,"href":"https:\/\/www.cronicasdeitarantim.com.br\/v1\/wp-json\/wp\/v2\/tags?post=138875"}],"curies":[{"name":"wp","href":"https:\/\/api.w.org\/{rel}","templated":true}]}}