{"id":138601,"date":"2021-03-26T19:11:53","date_gmt":"2021-03-26T22:11:53","guid":{"rendered":"http:\/\/www.cronicasdeitarantim.com.br\/v1\/?p=138601"},"modified":"2021-03-26T19:11:53","modified_gmt":"2021-03-26T22:11:53","slug":"novo-ministro-da-saude-pede-que-brasileiros-usem-mascara-agora-e-patria-de-mascara","status":"publish","type":"post","link":"https:\/\/www.cronicasdeitarantim.com.br\/v1\/2021\/03\/26\/novo-ministro-da-saude-pede-que-brasileiros-usem-mascara-agora-e-patria-de-mascara\/","title":{"rendered":"Novo ministro da Sa\u00fade pede que brasileiros usem m\u00e1scara: &#8216;Agora \u00e9 p\u00e1tria de m\u00e1scara&#8217;"},"content":{"rendered":"<div class=\"desc-noticia\">\n<div class=\"corpo-noticia\">\n<p>Em uma analogia ao slogan &#8220;p\u00e1tria da chuteira&#8221;, usado em \u00e9poca de Copa do Mundo, o ministro da Sa\u00fade Marcelo Queiroga pediu hoje (26) aos brasileiros uma &#8220;p\u00e1tria de m\u00e1scara&#8221;. Ao falar com a imprensa, no Pal\u00e1cio do Planalto, Queiroga fez um chamado \u00e0 popula\u00e7\u00e3o para o uso das m\u00e1scaras contra a Covid-19.<\/p>\n<p>&#8220;Na \u00e9poca da Copa do Mundo, a na\u00e7\u00e3o se une, se chama p\u00e1tria de chuteira. Agora \u00e9 p\u00e1tria de m\u00e1scara. \u00c9 um pedido que fa\u00e7o a cada um dos brasileiros: usem a m\u00e1scara. N\u00f3s, do governo, vamos trabalhar para termos um aporte de vacinas suficientes para imunizar a nossa popula\u00e7\u00e3o.&#8221;, afirmou o cardiologista.<\/p>\n<p>O uso de m\u00e1scaras j\u00e1 foi esnobado pelo presidente Jair Bolsonaro e os executivos que o acompanham, que apareceram sem o acess\u00f3rio na maioria das ocasi\u00f5es durante a pandemia, inclusive no &#8220;cercadinho&#8221; do Planalto e ao falar com a popula\u00e7\u00e3o sem agenda oficial.<\/p>\n<p>O ministro fez as declara\u00e7\u00f5es na mesma entrevista coletiva em que o ministro da Ci\u00eancia e Tecnologia, Marcos Pontes, anunciou o recebimento pela Anvisa do pedido de testes de uma vacina nacional apoiada pelo governo federal.<\/p>\n<p>Fonte: Metro1<\/p>\n<\/div>\n<\/div>\n","protected":false},"excerpt":{"rendered":"<p>Em uma analogia ao slogan &#8220;p\u00e1tria da chuteira&#8221;, usado em \u00e9poca de Copa do Mundo, o ministro da Sa\u00fade Marcelo Queiroga pediu hoje (26) aos brasileiros uma &#8220;p\u00e1tria de m\u00e1scara&#8221;. Ao falar com a imprensa, no Pal\u00e1cio do Planalto, Queiroga fez um chamado \u00e0 popula\u00e7\u00e3o para o uso das m\u00e1scaras contra a Covid-19. &#8220;Na \u00e9poca da Copa do Mundo, a na\u00e7\u00e3o se une, se chama p\u00e1tria de chuteira. Agora \u00e9 p\u00e1tria de m\u00e1scara. \u00c9 um pedido que fa\u00e7o a cada um dos brasileiros: usem a m\u00e1scara. N\u00f3s, do governo, vamos trabalhar para termos um aporte de vacinas suficientes para imunizar [&hellip;]<\/p>\n","protected":false},"author":4,"featured_media":0,"comment_status":"open","ping_status":"open","sticky":false,"template":"","format":"standard","meta":[],"categories":[1],"tags":[666,863],"_links":{"self":[{"href":"https:\/\/www.cronicasdeitarantim.com.br\/v1\/wp-json\/wp\/v2\/posts\/138601"}],"collection":[{"href":"https:\/\/www.cronicasdeitarantim.com.br\/v1\/wp-json\/wp\/v2\/posts"}],"about":[{"href":"https:\/\/www.cronicasdeitarantim.com.br\/v1\/wp-json\/wp\/v2\/types\/post"}],"author":[{"embeddable":true,"href":"https:\/\/www.cronicasdeitarantim.com.br\/v1\/wp-json\/wp\/v2\/users\/4"}],"replies":[{"embeddable":true,"href":"https:\/\/www.cronicasdeitarantim.com.br\/v1\/wp-json\/wp\/v2\/comments?post=138601"}],"version-history":[{"count":1,"href":"https:\/\/www.cronicasdeitarantim.com.br\/v1\/wp-json\/wp\/v2\/posts\/138601\/revisions"}],"predecessor-version":[{"id":138602,"href":"https:\/\/www.cronicasdeitarantim.com.br\/v1\/wp-json\/wp\/v2\/posts\/138601\/revisions\/138602"}],"wp:attachment":[{"href":"https:\/\/www.cronicasdeitarantim.com.br\/v1\/wp-json\/wp\/v2\/media?parent=138601"}],"wp:term":[{"taxonomy":"category","embeddable":true,"href":"https:\/\/www.cronicasdeitarantim.com.br\/v1\/wp-json\/wp\/v2\/categories?post=138601"},{"taxonomy":"post_tag","embeddable":true,"href":"https:\/\/www.cronicasdeitarantim.com.br\/v1\/wp-json\/wp\/v2\/tags?post=138601"}],"curies":[{"name":"wp","href":"https:\/\/api.w.org\/{rel}","templated":true}]}}