{"id":138505,"date":"2021-03-22T21:13:14","date_gmt":"2021-03-23T00:13:14","guid":{"rendered":"http:\/\/www.cronicasdeitarantim.com.br\/v1\/?p=138505"},"modified":"2021-03-22T21:13:14","modified_gmt":"2021-03-23T00:13:14","slug":"dia-mundial-da-agua-precisamos-de-agua-para-alimentar-o-brasil-veja-documentarios","status":"publish","type":"post","link":"https:\/\/www.cronicasdeitarantim.com.br\/v1\/2021\/03\/22\/dia-mundial-da-agua-precisamos-de-agua-para-alimentar-o-brasil-veja-documentarios\/","title":{"rendered":"DIA MUNDIAL DA \u00c1GUA] &#8216;PRECISAMOS DE \u00c1GUA PARA ALIMENTAR O BRASIL&#8217; VEJA DOCUMENT\u00c1RIOS"},"content":{"rendered":"<p>\u00c1GUA: FUNDAMENTAL PARA GARANTIR A VIDA NO PLANETA!<\/p>\n<p>A Organiza\u00e7\u00e3o Mundial da Sa\u00fade (OMS). aponta que a utiliza\u00e7\u00e3o da \u00e1gua \u00e9 para conter a dissemina\u00e7\u00e3o da Covid-19, pois \u00e9 necess\u00e1rio que as pessoas mantenham diariamente h\u00e1bitos de higiene, como lavar as m\u00e3os com \u00e1gua e sab\u00e3o frequentemente e fazer a limpeza das suas casas.<\/p>\n<p>A \u00e1gua tamb\u00e9m \u00e9 important\u00edssima na produ\u00e7\u00e3o da agricultura familiar, que responde por mais de 70% dos alimentos que chegam \u00e0 nossa mesa com variedade nutricional, o que \u00e9 imprescind\u00edvel para garantir uma boa imunidade da popula\u00e7\u00e3o, sobretudo nesse per\u00edodo da pandemia.<\/p>\n<div class=\"o9v6fnle cxmmr5t8 oygrvhab hcukyx3x c1et5uql ii04i59q\">\n<div dir=\"auto\">Neste Dia Mundial da \u00c1gua (22 de mar\u00e7o), compartilhamos o v\u00eddeo \u201cPrecisamos de \u00c1GUA para alimentar o Brasil\u201d.<\/div>\n<\/div>\n<div class=\"o9v6fnle cxmmr5t8 oygrvhab hcukyx3x c1et5uql ii04i59q\">\n<div dir=\"auto\">Produzido pela CONTAG, em ocasi\u00e3o do FAMA 2018, o v\u00eddeo traz depoimentos de ribeirinhos da Amaz\u00f4nia, sobre a import\u00e2ncia da \u00e1gua, e da sua n\u00e3o mercantiliza\u00e7\u00e3o. (F\u00f3rum Alternativo Mundial da \u00c1gua)<\/div>\n<div dir=\"auto\"><\/div>\n<div dir=\"auto\">Os outros document\u00e1rios s\u00e3o sobre a import\u00e2ncia das tecnologias sociais de conviv\u00eancia com o semi\u00e1rido, constru\u00e7\u00e3o de cisternas de capta\u00e7\u00e3o de \u00e1gua de chuva que dar protagonismo as fam\u00edlias do semi\u00e1rido brasileiro<\/div>\n<\/div>\n<p><iframe loading=\"lazy\" width=\"1200\" height=\"675\" src=\"https:\/\/www.youtube.com\/embed\/gJZ1sAp7yAg?feature=oembed\" frameborder=\"0\" allow=\"accelerometer; autoplay; clipboard-write; encrypted-media; gyroscope; picture-in-picture\" allowfullscreen><\/iframe><\/p>\n<p><iframe loading=\"lazy\" width=\"1200\" height=\"675\" src=\"https:\/\/www.youtube.com\/embed\/SNfglc5CXPo?feature=oembed\" frameborder=\"0\" allow=\"accelerometer; autoplay; clipboard-write; encrypted-media; gyroscope; picture-in-picture\" allowfullscreen><\/iframe><\/p>\n<p><iframe loading=\"lazy\" width=\"1200\" height=\"675\" src=\"https:\/\/www.youtube.com\/embed\/-H8xPX3wIMg?feature=oembed\" frameborder=\"0\" allow=\"accelerometer; autoplay; clipboard-write; encrypted-media; gyroscope; picture-in-picture\" allowfullscreen><\/iframe><\/p>\n<p><iframe loading=\"lazy\" width=\"1200\" height=\"675\" src=\"https:\/\/www.youtube.com\/embed\/AfFECT31SiE?feature=oembed\" frameborder=\"0\" allow=\"accelerometer; autoplay; clipboard-write; encrypted-media; gyroscope; picture-in-picture\" allowfullscreen><\/iframe><\/p>\n","protected":false},"excerpt":{"rendered":"<p>\u00c1GUA: FUNDAMENTAL PARA GARANTIR A VIDA NO PLANETA! A Organiza\u00e7\u00e3o Mundial da Sa\u00fade (OMS). aponta que a utiliza\u00e7\u00e3o da \u00e1gua \u00e9 para conter a dissemina\u00e7\u00e3o da Covid-19, pois \u00e9 necess\u00e1rio que as pessoas mantenham diariamente h\u00e1bitos de higiene, como lavar as m\u00e3os com \u00e1gua e sab\u00e3o frequentemente e fazer a limpeza das suas casas. A \u00e1gua tamb\u00e9m \u00e9 important\u00edssima na produ\u00e7\u00e3o da agricultura familiar, que responde por mais de 70% dos alimentos que chegam \u00e0 nossa mesa com variedade nutricional, o que \u00e9 imprescind\u00edvel para garantir uma boa imunidade da popula\u00e7\u00e3o, sobretudo nesse per\u00edodo da pandemia. Neste Dia Mundial da [&hellip;]<\/p>\n","protected":false},"author":4,"featured_media":0,"comment_status":"open","ping_status":"open","sticky":false,"template":"","format":"standard","meta":[],"categories":[362],"tags":[850,851,491],"_links":{"self":[{"href":"https:\/\/www.cronicasdeitarantim.com.br\/v1\/wp-json\/wp\/v2\/posts\/138505"}],"collection":[{"href":"https:\/\/www.cronicasdeitarantim.com.br\/v1\/wp-json\/wp\/v2\/posts"}],"about":[{"href":"https:\/\/www.cronicasdeitarantim.com.br\/v1\/wp-json\/wp\/v2\/types\/post"}],"author":[{"embeddable":true,"href":"https:\/\/www.cronicasdeitarantim.com.br\/v1\/wp-json\/wp\/v2\/users\/4"}],"replies":[{"embeddable":true,"href":"https:\/\/www.cronicasdeitarantim.com.br\/v1\/wp-json\/wp\/v2\/comments?post=138505"}],"version-history":[{"count":1,"href":"https:\/\/www.cronicasdeitarantim.com.br\/v1\/wp-json\/wp\/v2\/posts\/138505\/revisions"}],"predecessor-version":[{"id":138507,"href":"https:\/\/www.cronicasdeitarantim.com.br\/v1\/wp-json\/wp\/v2\/posts\/138505\/revisions\/138507"}],"wp:attachment":[{"href":"https:\/\/www.cronicasdeitarantim.com.br\/v1\/wp-json\/wp\/v2\/media?parent=138505"}],"wp:term":[{"taxonomy":"category","embeddable":true,"href":"https:\/\/www.cronicasdeitarantim.com.br\/v1\/wp-json\/wp\/v2\/categories?post=138505"},{"taxonomy":"post_tag","embeddable":true,"href":"https:\/\/www.cronicasdeitarantim.com.br\/v1\/wp-json\/wp\/v2\/tags?post=138505"}],"curies":[{"name":"wp","href":"https:\/\/api.w.org\/{rel}","templated":true}]}}