{"id":138183,"date":"2021-03-10T19:50:38","date_gmt":"2021-03-10T22:50:38","guid":{"rendered":"http:\/\/www.cronicasdeitarantim.com.br\/v1\/?p=138183"},"modified":"2021-03-10T19:50:38","modified_gmt":"2021-03-10T22:50:38","slug":"vivemos-uma-guerra-de-exterminio-uma-guerra-biologica-fora-de-controle","status":"publish","type":"post","link":"https:\/\/www.cronicasdeitarantim.com.br\/v1\/2021\/03\/10\/vivemos-uma-guerra-de-exterminio-uma-guerra-biologica-fora-de-controle\/","title":{"rendered":"Vivemos uma guerra de exterm\u00ednio, uma guerra biol\u00f3gica fora de controle"},"content":{"rendered":"<div class=\"o9v6fnle cxmmr5t8 oygrvhab hcukyx3x c1et5uql ii04i59q\">\n<div dir=\"auto\">A avalia\u00e7\u00e3o \u00e9 do m\u00e9dico e neurocientista Miguel Nicolelis, professor catedr\u00e1tico da Universidade de Duke, nos Estados Unidos. Ele, que coordenou o Comit\u00ea Cient\u00edfico do Cons\u00f3rcio Nordeste para o combate ao coronav\u00edrus, falou ao UOL nesta ter\u00e7a (9).<\/div>\n<\/div>\n<div class=\"o9v6fnle cxmmr5t8 oygrvhab hcukyx3x c1et5uql ii04i59q\">\n<div dir=\"auto\">Na mesma ter\u00e7a, o pa\u00eds bateu novamente o recorde de mortes registradas em 24 horas: 1.954. Este \u00e9 o 48\u00ba dia consecutivo com m\u00e9dia m\u00f3vel de \u00f3bitos acima de mil. At\u00e9 agora foram 268.568 v\u00edtimas.<\/div>\n<\/div>\n<div class=\"o9v6fnle cxmmr5t8 oygrvhab hcukyx3x c1et5uql ii04i59q\">\n<div dir=\"auto\">Nicolelis, um dos mais prestigiados cientistas brasileiros, compara este momento ao de uma guerra &#8211; que est\u00e1 sendo perdida.<\/div>\n<\/div>\n<div class=\"o9v6fnle cxmmr5t8 oygrvhab hcukyx3x c1et5uql ii04i59q\">\n<div dir=\"auto\">&#8220;O pa\u00eds est\u00e1 sitiado. \u00c9 como a Batalha de Stalingrado [cidade sovi\u00e9tica bloqueada pelos nazistas na Segunda Guerra], com o inimigo cercando o pa\u00eds. Nossos recursos humanos est\u00e3o sendo destru\u00eddos pelo v\u00edrus, temos recorde de perda de profissionais de sa\u00fade, recorde de gr\u00e1vidas morrendo de covid. O nosso ex\u00e9rcito est\u00e1 sem muni\u00e7\u00e3o &#8211; que se chama vacina. Os insumos di\u00e1rios para manter a guerra viva, nossa defesa do \u00faltimo basti\u00e3o de soberania nacional, que s\u00e3o os medicamentos, est\u00e3o desaparecendo.&#8221;<\/div>\n<\/div>\n<div class=\"o9v6fnle cxmmr5t8 oygrvhab hcukyx3x c1et5uql ii04i59q\">\n<div dir=\"auto\">Ao UOL, contou que foi criticado por fazer uma estimativa considerada conservadora: de que o pa\u00eds pode atingir, at\u00e9 o final de mar\u00e7o, 3 mil mortos num \u00fanico dia. &#8220;Podemos ter 500 mil pessoas mortas at\u00e9 o final do ano. Estamos entrando no territ\u00f3rio de genoc\u00eddio&#8221;, avalia.<\/div>\n<\/div>\n<div class=\"o9v6fnle cxmmr5t8 oygrvhab hcukyx3x c1et5uql ii04i59q\">\n<div dir=\"auto\">Miguel Nicolelis defende que se o governo federal n\u00e3o decretar um lockdown nacional, o Congresso Nacional e o Supremo Tribunal Federal t\u00eam que assumir o v\u00e1cuo, decretar tutela do Minist\u00e9rio da Sa\u00fade e garantir recursos financeiros para que as pessoas possam ficar em casa. O que inclui um valor de aux\u00edlio emergencial maior do que aquele que est\u00e1 sendo discutido pelo governo Jair Bolsonaro. &#8220;Estamos querendo oferecer R$ 250, R$ 300 para as pessoas morrerem de fome em casa.&#8221;<\/div>\n<\/div>\n<div class=\"o9v6fnle cxmmr5t8 oygrvhab hcukyx3x c1et5uql ii04i59q\">\n<div dir=\"auto\">Alertou que, ap\u00f3s um colapso sanit\u00e1rio, o Brasil pode passar tamb\u00e9m por um colapso funer\u00e1rio, com cidades incapazes de lidar com a quantidade de mortos. &#8220;Infec\u00e7\u00f5es bacterianas secund\u00e1rias come\u00e7am a surgir, len\u00e7\u00f3is fre\u00e1ticos s\u00e3o contaminados. E quando voc\u00ea tem um colapso desse, n\u00e3o tem volta&#8221;, afirma.<\/div>\n<\/div>\n<div class=\"o9v6fnle cxmmr5t8 oygrvhab hcukyx3x c1et5uql ii04i59q\">\n<div dir=\"auto\">A doutora em microbiologia e fundadora do Instituto Quest\u00e3o de Ci\u00eancia, Nat\u00e1lia Pasternak, fez duras cr\u00edticas \u00e0 falta de coordena\u00e7\u00e3o dos esfor\u00e7os nacionais do combate ao coronav\u00edrus.<\/div>\n<\/div>\n<div class=\"o9v6fnle cxmmr5t8 oygrvhab hcukyx3x c1et5uql ii04i59q\">\n<div dir=\"auto\">&#8220;No Brasil, n\u00e3o tem como destituir o presidente da Rep\u00fablica a n\u00e3o ser por impeachment. Nos Estados Unidos, h\u00e1 a 25\u00aa emenda da Constitui\u00e7\u00e3o, que prev\u00ea que se o vice e o gabinete, em maioria, decidirem que o presidente est\u00e1 inapto para o governo, ele \u00e9 destitu\u00eddo. Mais inapto do que o atual presidente, a gente n\u00e3o tem&#8221;, disse.<\/div>\n<\/div>\n<div class=\"o9v6fnle cxmmr5t8 oygrvhab hcukyx3x c1et5uql ii04i59q\">\n<div dir=\"auto\">Ela diz que \u00e9 preciso que os governadores se organizem mutuamente porque isso n\u00e3o vir\u00e1 do governo federal. &#8220;Se n\u00e3o fizermos nada, o risco \u00e9 nos transformamos em uma grande &#8216;sopa de variantes&#8217;. Por que sem vacinas em quantidade adequada e sem medidas de conten\u00e7\u00e3o e sem coordena\u00e7\u00e3o, vamos ter o v\u00edrus correndo solto. Quanto maior a replica\u00e7\u00e3o, maior a probabilidade de surgirem muta\u00e7\u00f5es que podem trazer vantagens ao v\u00edrus&#8221;, explica.<\/div>\n<\/div>\n<div class=\"o9v6fnle cxmmr5t8 oygrvhab hcukyx3x c1et5uql ii04i59q\">\n<div dir=\"auto\">Mas alerta que o que causou a situa\u00e7\u00e3o calamitosa em que estamos n\u00e3o \u00e9 a variante brasileira do coronav\u00edrus, pelo contr\u00e1rio: ela \u00e9 consequ\u00eancia da situa\u00e7\u00e3o calamitosa.<\/div>\n<\/div>\n<div class=\"o9v6fnle cxmmr5t8 oygrvhab hcukyx3x c1et5uql ii04i59q\">Por Leonardo Sakamoto (Uol)<\/div>\n","protected":false},"excerpt":{"rendered":"<p>A avalia\u00e7\u00e3o \u00e9 do m\u00e9dico e neurocientista Miguel Nicolelis, professor catedr\u00e1tico da Universidade de Duke, nos Estados Unidos. Ele, que coordenou o Comit\u00ea Cient\u00edfico do Cons\u00f3rcio Nordeste para o combate ao coronav\u00edrus, falou ao UOL nesta ter\u00e7a (9). Na mesma ter\u00e7a, o pa\u00eds bateu novamente o recorde de mortes registradas em 24 horas: 1.954. Este \u00e9 o 48\u00ba dia consecutivo com m\u00e9dia m\u00f3vel de \u00f3bitos acima de mil. At\u00e9 agora foram 268.568 v\u00edtimas. Nicolelis, um dos mais prestigiados cientistas brasileiros, compara este momento ao de uma guerra &#8211; que est\u00e1 sendo perdida. &#8220;O pa\u00eds est\u00e1 sitiado. \u00c9 como a Batalha [&hellip;]<\/p>\n","protected":false},"author":4,"featured_media":0,"comment_status":"open","ping_status":"open","sticky":false,"template":"","format":"standard","meta":[],"categories":[296],"tags":[666],"_links":{"self":[{"href":"https:\/\/www.cronicasdeitarantim.com.br\/v1\/wp-json\/wp\/v2\/posts\/138183"}],"collection":[{"href":"https:\/\/www.cronicasdeitarantim.com.br\/v1\/wp-json\/wp\/v2\/posts"}],"about":[{"href":"https:\/\/www.cronicasdeitarantim.com.br\/v1\/wp-json\/wp\/v2\/types\/post"}],"author":[{"embeddable":true,"href":"https:\/\/www.cronicasdeitarantim.com.br\/v1\/wp-json\/wp\/v2\/users\/4"}],"replies":[{"embeddable":true,"href":"https:\/\/www.cronicasdeitarantim.com.br\/v1\/wp-json\/wp\/v2\/comments?post=138183"}],"version-history":[{"count":1,"href":"https:\/\/www.cronicasdeitarantim.com.br\/v1\/wp-json\/wp\/v2\/posts\/138183\/revisions"}],"predecessor-version":[{"id":138185,"href":"https:\/\/www.cronicasdeitarantim.com.br\/v1\/wp-json\/wp\/v2\/posts\/138183\/revisions\/138185"}],"wp:attachment":[{"href":"https:\/\/www.cronicasdeitarantim.com.br\/v1\/wp-json\/wp\/v2\/media?parent=138183"}],"wp:term":[{"taxonomy":"category","embeddable":true,"href":"https:\/\/www.cronicasdeitarantim.com.br\/v1\/wp-json\/wp\/v2\/categories?post=138183"},{"taxonomy":"post_tag","embeddable":true,"href":"https:\/\/www.cronicasdeitarantim.com.br\/v1\/wp-json\/wp\/v2\/tags?post=138183"}],"curies":[{"name":"wp","href":"https:\/\/api.w.org\/{rel}","templated":true}]}}