{"id":137897,"date":"2021-02-27T22:21:36","date_gmt":"2021-02-28T01:21:36","guid":{"rendered":"http:\/\/www.cronicasdeitarantim.com.br\/v1\/?p=137897"},"modified":"2021-02-27T22:26:41","modified_gmt":"2021-02-28T01:26:41","slug":"jovem-que-sofreu-acidente-de-moto-na-regiao-do-mandim-ja-foi-transferido-para-vitoria-da-conquista","status":"publish","type":"post","link":"https:\/\/www.cronicasdeitarantim.com.br\/v1\/2021\/02\/27\/jovem-que-sofreu-acidente-de-moto-na-regiao-do-mandim-ja-foi-transferido-para-vitoria-da-conquista\/","title":{"rendered":"Jovem que sofreu acidente de moto na regi\u00e3o do Mandim j\u00e1 foi transferido para Vit\u00f3ria da Conquista"},"content":{"rendered":"<h3>O jovem Gustavo de idade n\u00e3o revelada, que sofreu um acidente motociclista na tarde deste s\u00e1bado (27) na regi\u00e3o rural do Mandim, j\u00e1 foi transferido para o Hospital de Base de Vit\u00f3ria da Conquista agora \u00e0 noite. Segundo informa\u00e7\u00e3o de familiares, o jovem est\u00e1 bem consciente, existia uma suspeita de um traumatismo craniano. O jovem passar\u00e1 por exames para detectar se houve problemas mais graves.<\/h3>\n<h3>N\u00e3o temos informa\u00e7\u00f5es o que causou o acidente.<\/h3>\n","protected":false},"excerpt":{"rendered":"<p>O jovem Gustavo de idade n\u00e3o revelada, que sofreu um acidente motociclista na tarde deste s\u00e1bado (27) na regi\u00e3o rural do Mandim, j\u00e1 foi transferido para o Hospital de Base de Vit\u00f3ria da Conquista agora \u00e0 noite. Segundo informa\u00e7\u00e3o de familiares, o jovem est\u00e1 bem consciente, existia uma suspeita de um traumatismo craniano. O jovem passar\u00e1 por exames para detectar se houve problemas mais graves. N\u00e3o temos informa\u00e7\u00f5es o que causou o acidente.<\/p>\n","protected":false},"author":4,"featured_media":0,"comment_status":"open","ping_status":"open","sticky":false,"template":"","format":"standard","meta":[],"categories":[1],"tags":[487,385],"_links":{"self":[{"href":"https:\/\/www.cronicasdeitarantim.com.br\/v1\/wp-json\/wp\/v2\/posts\/137897"}],"collection":[{"href":"https:\/\/www.cronicasdeitarantim.com.br\/v1\/wp-json\/wp\/v2\/posts"}],"about":[{"href":"https:\/\/www.cronicasdeitarantim.com.br\/v1\/wp-json\/wp\/v2\/types\/post"}],"author":[{"embeddable":true,"href":"https:\/\/www.cronicasdeitarantim.com.br\/v1\/wp-json\/wp\/v2\/users\/4"}],"replies":[{"embeddable":true,"href":"https:\/\/www.cronicasdeitarantim.com.br\/v1\/wp-json\/wp\/v2\/comments?post=137897"}],"version-history":[{"count":2,"href":"https:\/\/www.cronicasdeitarantim.com.br\/v1\/wp-json\/wp\/v2\/posts\/137897\/revisions"}],"predecessor-version":[{"id":137900,"href":"https:\/\/www.cronicasdeitarantim.com.br\/v1\/wp-json\/wp\/v2\/posts\/137897\/revisions\/137900"}],"wp:attachment":[{"href":"https:\/\/www.cronicasdeitarantim.com.br\/v1\/wp-json\/wp\/v2\/media?parent=137897"}],"wp:term":[{"taxonomy":"category","embeddable":true,"href":"https:\/\/www.cronicasdeitarantim.com.br\/v1\/wp-json\/wp\/v2\/categories?post=137897"},{"taxonomy":"post_tag","embeddable":true,"href":"https:\/\/www.cronicasdeitarantim.com.br\/v1\/wp-json\/wp\/v2\/tags?post=137897"}],"curies":[{"name":"wp","href":"https:\/\/api.w.org\/{rel}","templated":true}]}}