{"id":137632,"date":"2021-02-18T19:05:34","date_gmt":"2021-02-18T22:05:34","guid":{"rendered":"http:\/\/www.cronicasdeitarantim.com.br\/v1\/?p=137632"},"modified":"2021-02-18T19:05:45","modified_gmt":"2021-02-18T22:05:45","slug":"covid-19-67-obitos-a-bahia-registra-nas-ultimas-24-horas","status":"publish","type":"post","link":"https:\/\/www.cronicasdeitarantim.com.br\/v1\/2021\/02\/18\/covid-19-67-obitos-a-bahia-registra-nas-ultimas-24-horas\/","title":{"rendered":"COVID-19] 67 \u00f3bitos a Bahia registra nas \u00faltimas 24 horas"},"content":{"rendered":"<div class=\"desc-noticia\">\n<div class=\"corpo-noticia\">\n<h3>A Bahia registrou 67 \u00f3bitos por Covid-19 e 4.017 novos casos da doen\u00e7a em 24 horas, segundo boletim divulgado hoje (18) pela Secretaria de Sa\u00fade do Estado (Sesab) e como informou o portal Metro1.<\/h3>\n<h3>O n\u00famero total de \u00f3bitos por Covid-19 na Bahia desde o in\u00edcio da pandemia \u00e9 de 10.995, representando uma letalidade de 1,71%. Dos 643.244 casos confirmados desde o in\u00edcio da pandemia, 615.962 j\u00e1 s\u00e3o considerados recuperados e 16.287 encontram-se ativos.<\/h3>\n<h3>A taxa de ocupa\u00e7\u00e3o dos leitos de Unidade de Terapia Intensiva (UTI) adulto \u00e9 de 76%.<\/h3>\n<\/div>\n<\/div>\n","protected":false},"excerpt":{"rendered":"<p>A Bahia registrou 67 \u00f3bitos por Covid-19 e 4.017 novos casos da doen\u00e7a em 24 horas, segundo boletim divulgado hoje (18) pela Secretaria de Sa\u00fade do Estado (Sesab) e como informou o portal Metro1. O n\u00famero total de \u00f3bitos por Covid-19 na Bahia desde o in\u00edcio da pandemia \u00e9 de 10.995, representando uma letalidade de 1,71%. Dos 643.244 casos confirmados desde o in\u00edcio da pandemia, 615.962 j\u00e1 s\u00e3o considerados recuperados e 16.287 encontram-se ativos. A taxa de ocupa\u00e7\u00e3o dos leitos de Unidade de Terapia Intensiva (UTI) adulto \u00e9 de 76%.<\/p>\n","protected":false},"author":4,"featured_media":0,"comment_status":"open","ping_status":"open","sticky":false,"template":"","format":"standard","meta":[],"categories":[295],"tags":[506],"_links":{"self":[{"href":"https:\/\/www.cronicasdeitarantim.com.br\/v1\/wp-json\/wp\/v2\/posts\/137632"}],"collection":[{"href":"https:\/\/www.cronicasdeitarantim.com.br\/v1\/wp-json\/wp\/v2\/posts"}],"about":[{"href":"https:\/\/www.cronicasdeitarantim.com.br\/v1\/wp-json\/wp\/v2\/types\/post"}],"author":[{"embeddable":true,"href":"https:\/\/www.cronicasdeitarantim.com.br\/v1\/wp-json\/wp\/v2\/users\/4"}],"replies":[{"embeddable":true,"href":"https:\/\/www.cronicasdeitarantim.com.br\/v1\/wp-json\/wp\/v2\/comments?post=137632"}],"version-history":[{"count":2,"href":"https:\/\/www.cronicasdeitarantim.com.br\/v1\/wp-json\/wp\/v2\/posts\/137632\/revisions"}],"predecessor-version":[{"id":137634,"href":"https:\/\/www.cronicasdeitarantim.com.br\/v1\/wp-json\/wp\/v2\/posts\/137632\/revisions\/137634"}],"wp:attachment":[{"href":"https:\/\/www.cronicasdeitarantim.com.br\/v1\/wp-json\/wp\/v2\/media?parent=137632"}],"wp:term":[{"taxonomy":"category","embeddable":true,"href":"https:\/\/www.cronicasdeitarantim.com.br\/v1\/wp-json\/wp\/v2\/categories?post=137632"},{"taxonomy":"post_tag","embeddable":true,"href":"https:\/\/www.cronicasdeitarantim.com.br\/v1\/wp-json\/wp\/v2\/tags?post=137632"}],"curies":[{"name":"wp","href":"https:\/\/api.w.org\/{rel}","templated":true}]}}