{"id":137611,"date":"2021-02-18T00:50:11","date_gmt":"2021-02-18T03:50:11","guid":{"rendered":"http:\/\/www.cronicasdeitarantim.com.br\/v1\/?p=137611"},"modified":"2021-02-18T00:50:11","modified_gmt":"2021-02-18T03:50:11","slug":"bahia-e-estado-com-maior-no-de-familias-retiradas-do-bolsa-familia-nos-ultimos-tres-meses","status":"publish","type":"post","link":"https:\/\/www.cronicasdeitarantim.com.br\/v1\/2021\/02\/18\/bahia-e-estado-com-maior-no-de-familias-retiradas-do-bolsa-familia-nos-ultimos-tres-meses\/","title":{"rendered":"Bahia \u00e9 estado com maior n\u00ba de fam\u00edlias retiradas do Bolsa Fam\u00edlia nos \u00faltimos tr\u00eas meses"},"content":{"rendered":"<div class=\"box-body\" data-io-article-url=\"https:\/\/www.bahianoticias.com.br\/\">\n<div class=\"text-descricao\">\n<p>Em dezembro de 2020, 1.839.526 fam\u00edlias baianas constavam como benefici\u00e1rias do Programa Bolsa Fam\u00edlia (PBF). Tr\u00eas meses depois, em fevereiro, esse n\u00famero caiu para 1.826.820, segundo dados do Comit\u00ea de Assist\u00eancia Social do Cons\u00f3rcio Nordeste, entidade que re\u00fane os gestores dos nove estados da regi\u00e3o.<\/p>\n<p dir=\"ltr\">A redu\u00e7\u00e3o, de 12.706 fam\u00edlias no per\u00edodo, foi a maior de todo o Brasil, numa tend\u00eancia negativa que persistiu em quase todo o Nordeste.<\/p>\n<p dir=\"ltr\"><strong><a href=\"https:\/\/www.bahianoticias.com.br\/fotos\/principal_noticias\/256718\/mg\/bolsafamilia2.png\" target=\"_blank\" rel=\"noopener\"><img decoding=\"async\" src=\"https:\/\/www.bahianoticias.com.br\/fotos\/principal_noticias\/256718\/mg\/bolsafamilia2.png\" alt=\"\" \/><\/a><\/strong><\/p>\n<p dir=\"ltr\"><em>Imagem: Comit\u00ea de Assist\u00eancia Social do Cons\u00f3rcio Nordeste (Clique para ampliar)<\/em><\/p>\n<p dir=\"ltr\">Em um documento disponibilizado em primeira m\u00e3o ao Bahia Not\u00edcias pela Secretaria de Justi\u00e7a, Direitos Humanos e Desenvolvimento Social da Bahia (SJDHDS), o comit\u00ea denuncia a retirada de 48.116 fam\u00edlias nordestinas do programa de dezembro para c\u00e1. O \u00fanico estado da regi\u00e3o a ter acr\u00e9scimo de benefici\u00e1rios foi Alagoas, que agregou mais 496 fam\u00edlias. Os demais seguiram a situa\u00e7\u00e3o da Bahia, com destaque para o Cear\u00e1, onde 8.639 fam\u00edlias sa\u00edram do programa, e Pernambuco, onde 7.550 fam\u00edlias n\u00e3o recebem mais o benef\u00edcio.<\/p>\n<p dir=\"ltr\">De acordo com o setor t\u00e9cnico do cons\u00f3rcio, isso significa que R$ 30.140.318,00 deixaram de circular na regi\u00e3o, j\u00e1 que o valor do benef\u00edcio m\u00e9dio passou de R$ 193,55 para R$ 190,57.<\/p>\n<p dir=\"ltr\">Al\u00e9m do Nordeste, apenas o Norte do pa\u00eds teve n\u00fameros de perda, com o total de 13.014 fam\u00edlias desassistidas.<\/p>\n<p dir=\"ltr\">&#8220;\u00c9 incompreens\u00edvel, n\u00e3o existe l\u00f3gica al\u00e9m da perversidade, que explique os cortes de benef\u00edcios nas duas regi\u00f5es mais vulner\u00e1veis e com a maior parte da popula\u00e7\u00e3o mais pobre do pa\u00eds. Em meio a um dos momentos mais dif\u00edceis, o governo corta benef\u00edcios de quem mais precisa. \u00c9 um absurdo que pode custar a vida de muitas pessoas&#8221;, disse o secret\u00e1rio Carlos Martins, titular da SJDHDS.<\/p>\n<p dir=\"ltr\">Diante dessas informa\u00e7\u00f5es, o cons\u00f3rcio comparou a situa\u00e7\u00e3o do PBF no Nordeste com outros estados e o resultado foi mais um exemplo da desigualdade na administra\u00e7\u00e3o do recurso federal. Nas outras tr\u00eas regi\u00f5es do Brasil, o saldo foi de aumento no n\u00famero de benefici\u00e1rios. O Sul, por exemplo, somou 26.504 fam\u00edlias ao programa.<\/p>\n<p dir=\"ltr\">Al\u00e9m disso, os n\u00fameros preocupam o governo baiano por conta da falta do aux\u00edlio emergencial. O benef\u00edcio que vigorou durante o primeiro ano da pandemia chegou ao fim em dezembro e, at\u00e9 o momento, o governo federal n\u00e3o definiu uma solu\u00e7\u00e3o para rep\u00f4-lo.<\/p>\n<p dir=\"ltr\">&#8220;A falta do pagamento do aux\u00edlio emergencial mais o corte expressivo no Bolsa Fam\u00edlia colocam as duas regi\u00f5es em rota de colis\u00e3o com uma crise social ainda mais aguda. Al\u00e9m da falta de vacinas para retomar a vida normal, a popula\u00e7\u00e3o mais pobre ainda enfrenta ataques violentos de direitos sociais por parte daqueles que deveriam garantir alimenta\u00e7\u00e3o e sustento nesse per\u00edodo&#8221;, lamenta o secret\u00e1rio.<\/p>\n<p dir=\"ltr\">Ao menos no discurso, tanto o presidente Jair Bolsonaro (sem partido) quanto os presidentes da C\u00e2mara, Arthur Lira (PP-AL), e do Senado, Rodrigo Pacheco (DEM-MG), defendem a recria\u00e7\u00e3o do benef\u00edcio. A indefini\u00e7\u00e3o paira, no entanto, por conta dos termos para a concess\u00e3o desse ou outro programa assistencial (<a href=\"https:\/\/www.bahianoticias.com.br\/noticia\/256599-congresso-e-governo-sinalizam-para-auxilio-de-ate-quatro-meses-e-necessidade-de-reformas.html\" target=\"_blank\" rel=\"noopener\">saiba mais aqui<\/a>).<\/p>\n<p dir=\"ltr\">DESIGUALDADE PERSISTENTE<\/p>\n<p dir=\"ltr\">Ao monitorar o quadro de assist\u00eancia social do Nordeste, o cons\u00f3rcio comparou tamb\u00e9m as concess\u00f5es do Bolsa Fam\u00edlia em 2019 e 2020. O resultado mostrou que a regi\u00e3o teve um aumento de apenas 5%, o menor do pa\u00eds. Na outra ponta, aparece o Sul, com incremento de 16% no n\u00famero de benefici\u00e1rios.<\/p>\n<p dir=\"ltr\">FILA DE ESPERA<\/p>\n<p dir=\"ltr\">Diante desse cen\u00e1rio, o Nordeste tamb\u00e9m concentra a segunda maior demanda reprimida do pa\u00eds, com 637.482 fam\u00edlias que deveriam receber o benef\u00edcio, mas n\u00e3o foram contempladas. A regi\u00e3o fica atr\u00e1s apenas do Sudeste, com 807.224 fam\u00edlias na fila de espera. No total, o Brasil contabiliza 2.050.590 potenciais benefici\u00e1rios fora do programa.<\/p>\n<p dir=\"ltr\">*A fonte da informa\u00e7\u00e3o \u00e9 do Bahia Not\u00edcia<\/p>\n<\/div>\n<\/div>\n<div class=\"box-footer\">\n<div class=\"bar-share clearfix\"><\/div>\n<\/div>\n","protected":false},"excerpt":{"rendered":"<p>Em dezembro de 2020, 1.839.526 fam\u00edlias baianas constavam como benefici\u00e1rias do Programa Bolsa Fam\u00edlia (PBF). Tr\u00eas meses depois, em fevereiro, esse n\u00famero caiu para 1.826.820, segundo dados do Comit\u00ea de Assist\u00eancia Social do Cons\u00f3rcio Nordeste, entidade que re\u00fane os gestores dos nove estados da regi\u00e3o. A redu\u00e7\u00e3o, de 12.706 fam\u00edlias no per\u00edodo, foi a maior de todo o Brasil, numa tend\u00eancia negativa que persistiu em quase todo o Nordeste. Imagem: Comit\u00ea de Assist\u00eancia Social do Cons\u00f3rcio Nordeste (Clique para ampliar) Em um documento disponibilizado em primeira m\u00e3o ao Bahia Not\u00edcias pela Secretaria de Justi\u00e7a, Direitos Humanos e Desenvolvimento Social da [&hellip;]<\/p>\n","protected":false},"author":4,"featured_media":0,"comment_status":"open","ping_status":"open","sticky":false,"template":"","format":"standard","meta":[],"categories":[295],"tags":[76,778],"_links":{"self":[{"href":"https:\/\/www.cronicasdeitarantim.com.br\/v1\/wp-json\/wp\/v2\/posts\/137611"}],"collection":[{"href":"https:\/\/www.cronicasdeitarantim.com.br\/v1\/wp-json\/wp\/v2\/posts"}],"about":[{"href":"https:\/\/www.cronicasdeitarantim.com.br\/v1\/wp-json\/wp\/v2\/types\/post"}],"author":[{"embeddable":true,"href":"https:\/\/www.cronicasdeitarantim.com.br\/v1\/wp-json\/wp\/v2\/users\/4"}],"replies":[{"embeddable":true,"href":"https:\/\/www.cronicasdeitarantim.com.br\/v1\/wp-json\/wp\/v2\/comments?post=137611"}],"version-history":[{"count":1,"href":"https:\/\/www.cronicasdeitarantim.com.br\/v1\/wp-json\/wp\/v2\/posts\/137611\/revisions"}],"predecessor-version":[{"id":137613,"href":"https:\/\/www.cronicasdeitarantim.com.br\/v1\/wp-json\/wp\/v2\/posts\/137611\/revisions\/137613"}],"wp:attachment":[{"href":"https:\/\/www.cronicasdeitarantim.com.br\/v1\/wp-json\/wp\/v2\/media?parent=137611"}],"wp:term":[{"taxonomy":"category","embeddable":true,"href":"https:\/\/www.cronicasdeitarantim.com.br\/v1\/wp-json\/wp\/v2\/categories?post=137611"},{"taxonomy":"post_tag","embeddable":true,"href":"https:\/\/www.cronicasdeitarantim.com.br\/v1\/wp-json\/wp\/v2\/tags?post=137611"}],"curies":[{"name":"wp","href":"https:\/\/api.w.org\/{rel}","templated":true}]}}