{"id":137399,"date":"2021-02-09T13:40:36","date_gmt":"2021-02-09T16:40:36","guid":{"rendered":"http:\/\/www.cronicasdeitarantim.com.br\/v1\/?p=137399"},"modified":"2021-02-09T13:46:30","modified_gmt":"2021-02-09T16:46:30","slug":"em-itarantim-moradores-resgatam-cachorro-que-estava-dentro-de-esgoto","status":"publish","type":"post","link":"https:\/\/www.cronicasdeitarantim.com.br\/v1\/2021\/02\/09\/em-itarantim-moradores-resgatam-cachorro-que-estava-dentro-de-esgoto\/","title":{"rendered":"Em Itarantim moradores resgatam cachorro que estava dentro de esgoto"},"content":{"rendered":"<h3>Moradores da rua Manoel Novais resgataram nesta ter\u00e7a-feira (09) cachorro que estava dentro de esgoto. O fato acontece em meio \u00e0 tantos casos de maldades contra animais na cidade.<\/h3>\n<h3>Nas \u00faltimas semanas noticiamos aqui v\u00e1rios atos praticados de envenenamento contra c\u00e3es e gatos na cidade.<\/h3>\n<p><img decoding=\"async\" loading=\"lazy\" class=\"size-medium wp-image-137402 alignleft\" src=\"http:\/\/www.cronicasdeitarantim.com.br\/v1\/wp-content\/uploads\/2021\/02\/WhatsApp-Image-2021-02-09-at-12.23.14-169x300.jpeg\" alt=\"\" width=\"169\" height=\"300\" \/><\/p>\n<h3>O cachorro resgatado nesta manh\u00e3 por moradores estava h\u00e1 dias sem comer e fraco. Segundo informou uma moradora da rua que, logo ap\u00f3s resgatar o animal, deu banho e alimento.<\/h3>\n<h3>N\u00e3o tivemos informa\u00e7\u00e3o quem \u00e9 o dono do cachorro.<\/h3>\n","protected":false},"excerpt":{"rendered":"<p>Moradores da rua Manoel Novais resgataram nesta ter\u00e7a-feira (09) cachorro que estava dentro de esgoto. O fato acontece em meio \u00e0 tantos casos de maldades contra animais na cidade. Nas \u00faltimas semanas noticiamos aqui v\u00e1rios atos praticados de envenenamento contra c\u00e3es e gatos na cidade. O cachorro resgatado nesta manh\u00e3 por moradores estava h\u00e1 dias sem comer e fraco. Segundo informou uma moradora da rua que, logo ap\u00f3s resgatar o animal, deu banho e alimento. N\u00e3o tivemos informa\u00e7\u00e3o quem \u00e9 o dono do cachorro.<\/p>\n","protected":false},"author":4,"featured_media":0,"comment_status":"open","ping_status":"open","sticky":false,"template":"","format":"standard","meta":[],"categories":[362],"tags":[385],"_links":{"self":[{"href":"https:\/\/www.cronicasdeitarantim.com.br\/v1\/wp-json\/wp\/v2\/posts\/137399"}],"collection":[{"href":"https:\/\/www.cronicasdeitarantim.com.br\/v1\/wp-json\/wp\/v2\/posts"}],"about":[{"href":"https:\/\/www.cronicasdeitarantim.com.br\/v1\/wp-json\/wp\/v2\/types\/post"}],"author":[{"embeddable":true,"href":"https:\/\/www.cronicasdeitarantim.com.br\/v1\/wp-json\/wp\/v2\/users\/4"}],"replies":[{"embeddable":true,"href":"https:\/\/www.cronicasdeitarantim.com.br\/v1\/wp-json\/wp\/v2\/comments?post=137399"}],"version-history":[{"count":2,"href":"https:\/\/www.cronicasdeitarantim.com.br\/v1\/wp-json\/wp\/v2\/posts\/137399\/revisions"}],"predecessor-version":[{"id":137403,"href":"https:\/\/www.cronicasdeitarantim.com.br\/v1\/wp-json\/wp\/v2\/posts\/137399\/revisions\/137403"}],"wp:attachment":[{"href":"https:\/\/www.cronicasdeitarantim.com.br\/v1\/wp-json\/wp\/v2\/media?parent=137399"}],"wp:term":[{"taxonomy":"category","embeddable":true,"href":"https:\/\/www.cronicasdeitarantim.com.br\/v1\/wp-json\/wp\/v2\/categories?post=137399"},{"taxonomy":"post_tag","embeddable":true,"href":"https:\/\/www.cronicasdeitarantim.com.br\/v1\/wp-json\/wp\/v2\/tags?post=137399"}],"curies":[{"name":"wp","href":"https:\/\/api.w.org\/{rel}","templated":true}]}}