{"id":137374,"date":"2021-02-08T19:49:04","date_gmt":"2021-02-08T22:49:04","guid":{"rendered":"http:\/\/www.cronicasdeitarantim.com.br\/v1\/?p=137374"},"modified":"2021-02-08T19:49:04","modified_gmt":"2021-02-08T22:49:04","slug":"grupo-de-medicos-e-cientistas-protocola-pedido-de-impeachment-contra-bolsonaro","status":"publish","type":"post","link":"https:\/\/www.cronicasdeitarantim.com.br\/v1\/2021\/02\/08\/grupo-de-medicos-e-cientistas-protocola-pedido-de-impeachment-contra-bolsonaro\/","title":{"rendered":"Grupo de m\u00e9dicos e cientistas protocola pedido de impeachment contra Bolsonaro"},"content":{"rendered":"<p>Um grupo de m\u00e9dicos e cientistas protocolou um pedido de impeachment, na C\u00e2mara dos Deputados, contra o presidente Jair Bolsonaro (sem partido). O pedido afirma que Bolsonaro cometeu crimes de responsabilidade na condu\u00e7\u00e3o da pandemia de coronav\u00edrus.<\/p>\n<p>Para embasar o pedido, foi listada uma s\u00e9rie de declara\u00e7\u00f5es p\u00fablicas e a\u00e7\u00f5es de Bolsonaro desde mar\u00e7o de 2020, quando o coronav\u00edrus come\u00e7ou a se alastrar pelo pa\u00eds, at\u00e9 o dia 20 do m\u00eas passado.<\/p>\n<p>O pedido lembra tamb\u00e9m as declara\u00e7\u00f5es do presidente contra as medidas de isolamento social e as ocasi\u00f5es em que minimizou os efeitos da doen\u00e7a.<\/p>\n<p>No dia 26 de janeiro, lideran\u00e7as religiosas protocolaram na C\u00e2mara um pedido de impeachment contra Bolsonaro, tamb\u00e9m devido \u00e0 atua\u00e7\u00e3o do governo no enfrentamento da pandemia.<\/p>\n<p>Fonte: Metro1<\/p>\n","protected":false},"excerpt":{"rendered":"<p>Um grupo de m\u00e9dicos e cientistas protocolou um pedido de impeachment, na C\u00e2mara dos Deputados, contra o presidente Jair Bolsonaro (sem partido). O pedido afirma que Bolsonaro cometeu crimes de responsabilidade na condu\u00e7\u00e3o da pandemia de coronav\u00edrus. Para embasar o pedido, foi listada uma s\u00e9rie de declara\u00e7\u00f5es p\u00fablicas e a\u00e7\u00f5es de Bolsonaro desde mar\u00e7o de 2020, quando o coronav\u00edrus come\u00e7ou a se alastrar pelo pa\u00eds, at\u00e9 o dia 20 do m\u00eas passado. O pedido lembra tamb\u00e9m as declara\u00e7\u00f5es do presidente contra as medidas de isolamento social e as ocasi\u00f5es em que minimizou os efeitos da doen\u00e7a. No dia 26 de [&hellip;]<\/p>\n","protected":false},"author":4,"featured_media":0,"comment_status":"open","ping_status":"open","sticky":false,"template":"","format":"standard","meta":[],"categories":[1],"tags":[433],"_links":{"self":[{"href":"https:\/\/www.cronicasdeitarantim.com.br\/v1\/wp-json\/wp\/v2\/posts\/137374"}],"collection":[{"href":"https:\/\/www.cronicasdeitarantim.com.br\/v1\/wp-json\/wp\/v2\/posts"}],"about":[{"href":"https:\/\/www.cronicasdeitarantim.com.br\/v1\/wp-json\/wp\/v2\/types\/post"}],"author":[{"embeddable":true,"href":"https:\/\/www.cronicasdeitarantim.com.br\/v1\/wp-json\/wp\/v2\/users\/4"}],"replies":[{"embeddable":true,"href":"https:\/\/www.cronicasdeitarantim.com.br\/v1\/wp-json\/wp\/v2\/comments?post=137374"}],"version-history":[{"count":1,"href":"https:\/\/www.cronicasdeitarantim.com.br\/v1\/wp-json\/wp\/v2\/posts\/137374\/revisions"}],"predecessor-version":[{"id":137375,"href":"https:\/\/www.cronicasdeitarantim.com.br\/v1\/wp-json\/wp\/v2\/posts\/137374\/revisions\/137375"}],"wp:attachment":[{"href":"https:\/\/www.cronicasdeitarantim.com.br\/v1\/wp-json\/wp\/v2\/media?parent=137374"}],"wp:term":[{"taxonomy":"category","embeddable":true,"href":"https:\/\/www.cronicasdeitarantim.com.br\/v1\/wp-json\/wp\/v2\/categories?post=137374"},{"taxonomy":"post_tag","embeddable":true,"href":"https:\/\/www.cronicasdeitarantim.com.br\/v1\/wp-json\/wp\/v2\/tags?post=137374"}],"curies":[{"name":"wp","href":"https:\/\/api.w.org\/{rel}","templated":true}]}}