{"id":137318,"date":"2021-02-06T13:47:47","date_gmt":"2021-02-06T16:47:47","guid":{"rendered":"http:\/\/www.cronicasdeitarantim.com.br\/v1\/?p=137318"},"modified":"2021-02-06T13:47:47","modified_gmt":"2021-02-06T16:47:47","slug":"fim-do-auxilio-emergencial-leva-2-milhoes-de-brasileiros-para-a-pobreza-apenas-em-janeiro","status":"publish","type":"post","link":"https:\/\/www.cronicasdeitarantim.com.br\/v1\/2021\/02\/06\/fim-do-auxilio-emergencial-leva-2-milhoes-de-brasileiros-para-a-pobreza-apenas-em-janeiro\/","title":{"rendered":"Fim do Aux\u00edlio Emergencial leva 2 milh\u00f5es de brasileiros para a pobreza apenas em janeiro"},"content":{"rendered":"<div class=\"desc-noticia\">\n<div class=\"corpo-noticia\">\n<p>O fim do Aux\u00edlio Emergencial j\u00e1 levou 2 milh\u00f5es de brasileiros para a pobreza apenas em janeiro. De acordo com informa\u00e7\u00f5es do G1, ao todo, 13% da popula\u00e7\u00e3o do pa\u00eds, ou 26 milh\u00f5es de pessoas, est\u00e3o sobrevivendo com uma renda per capita de apenas R$ 250 por m\u00eas.<\/p>\n<p>Durante o pagamento do benef\u00edcio, a taxa de pobreza chegou a recuar para 8% da popula\u00e7\u00e3o, e a da extrema pobreza &#8211; brasileiros com renda per capita abaixo de R$ 150 ao m\u00eas &#8211; caiu de 3% para 1%. Foram os menores patamares j\u00e1 registrados pelo Brasil desde a d\u00e9cada de 1970, quando as pesquisas domiciliares come\u00e7aram a ser realizadas.<\/p>\n<p>Essa melhora tamb\u00e9m se refletiu no \u00edndice de Gini, que monitora a desigualdade de renda em uma escala de 0 a 1 \u2013 quanto mais pr\u00f3ximo de 1, maior \u00e9 a desigualdade. O \u00edndice recuou de 0,53 para 0,47, caindo abaixo de 0,50 pela primeira vez na hist\u00f3ria brasileira.<\/p>\n<p>Ao todo, o Aux\u00edlio Emergencial chegou a quase 68 milh\u00f5es de brasileiros.<\/p>\n<p>Fonte: Metro1<\/p>\n<\/div>\n<\/div>\n","protected":false},"excerpt":{"rendered":"<p>O fim do Aux\u00edlio Emergencial j\u00e1 levou 2 milh\u00f5es de brasileiros para a pobreza apenas em janeiro. De acordo com informa\u00e7\u00f5es do G1, ao todo, 13% da popula\u00e7\u00e3o do pa\u00eds, ou 26 milh\u00f5es de pessoas, est\u00e3o sobrevivendo com uma renda per capita de apenas R$ 250 por m\u00eas. Durante o pagamento do benef\u00edcio, a taxa de pobreza chegou a recuar para 8% da popula\u00e7\u00e3o, e a da extrema pobreza &#8211; brasileiros com renda per capita abaixo de R$ 150 ao m\u00eas &#8211; caiu de 3% para 1%. Foram os menores patamares j\u00e1 registrados pelo Brasil desde a d\u00e9cada de 1970, [&hellip;]<\/p>\n","protected":false},"author":4,"featured_media":0,"comment_status":"open","ping_status":"open","sticky":false,"template":"","format":"standard","meta":[],"categories":[1],"tags":[433,737,711],"_links":{"self":[{"href":"https:\/\/www.cronicasdeitarantim.com.br\/v1\/wp-json\/wp\/v2\/posts\/137318"}],"collection":[{"href":"https:\/\/www.cronicasdeitarantim.com.br\/v1\/wp-json\/wp\/v2\/posts"}],"about":[{"href":"https:\/\/www.cronicasdeitarantim.com.br\/v1\/wp-json\/wp\/v2\/types\/post"}],"author":[{"embeddable":true,"href":"https:\/\/www.cronicasdeitarantim.com.br\/v1\/wp-json\/wp\/v2\/users\/4"}],"replies":[{"embeddable":true,"href":"https:\/\/www.cronicasdeitarantim.com.br\/v1\/wp-json\/wp\/v2\/comments?post=137318"}],"version-history":[{"count":1,"href":"https:\/\/www.cronicasdeitarantim.com.br\/v1\/wp-json\/wp\/v2\/posts\/137318\/revisions"}],"predecessor-version":[{"id":137319,"href":"https:\/\/www.cronicasdeitarantim.com.br\/v1\/wp-json\/wp\/v2\/posts\/137318\/revisions\/137319"}],"wp:attachment":[{"href":"https:\/\/www.cronicasdeitarantim.com.br\/v1\/wp-json\/wp\/v2\/media?parent=137318"}],"wp:term":[{"taxonomy":"category","embeddable":true,"href":"https:\/\/www.cronicasdeitarantim.com.br\/v1\/wp-json\/wp\/v2\/categories?post=137318"},{"taxonomy":"post_tag","embeddable":true,"href":"https:\/\/www.cronicasdeitarantim.com.br\/v1\/wp-json\/wp\/v2\/tags?post=137318"}],"curies":[{"name":"wp","href":"https:\/\/api.w.org\/{rel}","templated":true}]}}