{"id":137289,"date":"2021-02-05T18:50:26","date_gmt":"2021-02-05T21:50:26","guid":{"rendered":"http:\/\/www.cronicasdeitarantim.com.br\/v1\/?p=137289"},"modified":"2021-02-05T18:50:26","modified_gmt":"2021-02-05T21:50:26","slug":"luto-morre-em-maiquinique-a-mae-do-padre-reinaldo","status":"publish","type":"post","link":"https:\/\/www.cronicasdeitarantim.com.br\/v1\/2021\/02\/05\/luto-morre-em-maiquinique-a-mae-do-padre-reinaldo\/","title":{"rendered":"LUTO] Morre em Maiquinique a m\u00e3e do padre Reinaldo"},"content":{"rendered":"<h3>Morreu nesta sexta-feira (05) na cidade de Maiquinique aos 93 anos de idade a m\u00e3e do padre Reinaldo, a senhora Neuza Martins. Em sua rede social, o padre escreveu sobre os ensonamentos que ela passou aos filhos e netos e que foi um exemplo de mulher. Dona Neuza tinha 7 filhos e seu corpo foi velado no sal\u00e3o S\u00e3o Jos\u00e9 da igreja cat\u00f3lica, o enterro aconteceu ainda nesta sexta-feira as 18 horas.<\/h3>\n<h3>Nossas solidariedade aos familiares e amigos.<\/h3>\n","protected":false},"excerpt":{"rendered":"<p>Morreu nesta sexta-feira (05) na cidade de Maiquinique aos 93 anos de idade a m\u00e3e do padre Reinaldo, a senhora Neuza Martins. Em sua rede social, o padre escreveu sobre os ensonamentos que ela passou aos filhos e netos e que foi um exemplo de mulher. Dona Neuza tinha 7 filhos e seu corpo foi velado no sal\u00e3o S\u00e3o Jos\u00e9 da igreja cat\u00f3lica, o enterro aconteceu ainda nesta sexta-feira as 18 horas. Nossas solidariedade aos familiares e amigos.<\/p>\n","protected":false},"author":4,"featured_media":0,"comment_status":"open","ping_status":"open","sticky":false,"template":"","format":"standard","meta":[],"categories":[1],"tags":[392],"_links":{"self":[{"href":"https:\/\/www.cronicasdeitarantim.com.br\/v1\/wp-json\/wp\/v2\/posts\/137289"}],"collection":[{"href":"https:\/\/www.cronicasdeitarantim.com.br\/v1\/wp-json\/wp\/v2\/posts"}],"about":[{"href":"https:\/\/www.cronicasdeitarantim.com.br\/v1\/wp-json\/wp\/v2\/types\/post"}],"author":[{"embeddable":true,"href":"https:\/\/www.cronicasdeitarantim.com.br\/v1\/wp-json\/wp\/v2\/users\/4"}],"replies":[{"embeddable":true,"href":"https:\/\/www.cronicasdeitarantim.com.br\/v1\/wp-json\/wp\/v2\/comments?post=137289"}],"version-history":[{"count":1,"href":"https:\/\/www.cronicasdeitarantim.com.br\/v1\/wp-json\/wp\/v2\/posts\/137289\/revisions"}],"predecessor-version":[{"id":137292,"href":"https:\/\/www.cronicasdeitarantim.com.br\/v1\/wp-json\/wp\/v2\/posts\/137289\/revisions\/137292"}],"wp:attachment":[{"href":"https:\/\/www.cronicasdeitarantim.com.br\/v1\/wp-json\/wp\/v2\/media?parent=137289"}],"wp:term":[{"taxonomy":"category","embeddable":true,"href":"https:\/\/www.cronicasdeitarantim.com.br\/v1\/wp-json\/wp\/v2\/categories?post=137289"},{"taxonomy":"post_tag","embeddable":true,"href":"https:\/\/www.cronicasdeitarantim.com.br\/v1\/wp-json\/wp\/v2\/tags?post=137289"}],"curies":[{"name":"wp","href":"https:\/\/api.w.org\/{rel}","templated":true}]}}