{"id":137249,"date":"2021-02-03T17:52:18","date_gmt":"2021-02-03T20:52:18","guid":{"rendered":"http:\/\/www.cronicasdeitarantim.com.br\/v1\/?p=137249"},"modified":"2021-02-03T17:52:18","modified_gmt":"2021-02-03T20:52:18","slug":"jovem-de-apenas-25-anos-de-idade-morre-em-decorrencia-da-covid-19","status":"publish","type":"post","link":"https:\/\/www.cronicasdeitarantim.com.br\/v1\/2021\/02\/03\/jovem-de-apenas-25-anos-de-idade-morre-em-decorrencia-da-covid-19\/","title":{"rendered":"Jovem de apenas 25 anos de idade morre em decorr\u00eancia da Covid-19"},"content":{"rendered":"<div class=\"entry-content\">\n<h3>O jovem morreu na cidade de Salvador na manh\u00e3 desta quarta-feira (03) em decorr\u00eancia da Covid-19.<\/h3>\n<h3>Victor Marcelo tinha 25 anos de idade e era morador da cidade de Eun\u00e1polis e estava internado em Salvador h\u00e1 dois dias.<\/h3>\n<h3>Ele ainda ficou internado durante uma semana na cidade, com a piora do quadro teve que ser transferido para salvador numa UTI a\u00e9rea do governo do estado.<\/h3>\n<h3>Victor era administrador de empresas e era filho \u00fanico e segundo informou os familiares ao Radar64, ele n\u00e3o tinha nenhum problema de doen\u00e7as preexistentes.<\/h3>\n<\/div>\n<div class=\"clearfix\"><\/div>\n","protected":false},"excerpt":{"rendered":"<p>O jovem morreu na cidade de Salvador na manh\u00e3 desta quarta-feira (03) em decorr\u00eancia da Covid-19. Victor Marcelo tinha 25 anos de idade e era morador da cidade de Eun\u00e1polis e estava internado em Salvador h\u00e1 dois dias. Ele ainda ficou internado durante uma semana na cidade, com a piora do quadro teve que ser transferido para salvador numa UTI a\u00e9rea do governo do estado. Victor era administrador de empresas e era filho \u00fanico e segundo informou os familiares ao Radar64, ele n\u00e3o tinha nenhum problema de doen\u00e7as preexistentes.<\/p>\n","protected":false},"author":4,"featured_media":0,"comment_status":"open","ping_status":"open","sticky":false,"template":"","format":"standard","meta":[],"categories":[295],"tags":[506],"_links":{"self":[{"href":"https:\/\/www.cronicasdeitarantim.com.br\/v1\/wp-json\/wp\/v2\/posts\/137249"}],"collection":[{"href":"https:\/\/www.cronicasdeitarantim.com.br\/v1\/wp-json\/wp\/v2\/posts"}],"about":[{"href":"https:\/\/www.cronicasdeitarantim.com.br\/v1\/wp-json\/wp\/v2\/types\/post"}],"author":[{"embeddable":true,"href":"https:\/\/www.cronicasdeitarantim.com.br\/v1\/wp-json\/wp\/v2\/users\/4"}],"replies":[{"embeddable":true,"href":"https:\/\/www.cronicasdeitarantim.com.br\/v1\/wp-json\/wp\/v2\/comments?post=137249"}],"version-history":[{"count":1,"href":"https:\/\/www.cronicasdeitarantim.com.br\/v1\/wp-json\/wp\/v2\/posts\/137249\/revisions"}],"predecessor-version":[{"id":137251,"href":"https:\/\/www.cronicasdeitarantim.com.br\/v1\/wp-json\/wp\/v2\/posts\/137249\/revisions\/137251"}],"wp:attachment":[{"href":"https:\/\/www.cronicasdeitarantim.com.br\/v1\/wp-json\/wp\/v2\/media?parent=137249"}],"wp:term":[{"taxonomy":"category","embeddable":true,"href":"https:\/\/www.cronicasdeitarantim.com.br\/v1\/wp-json\/wp\/v2\/categories?post=137249"},{"taxonomy":"post_tag","embeddable":true,"href":"https:\/\/www.cronicasdeitarantim.com.br\/v1\/wp-json\/wp\/v2\/tags?post=137249"}],"curies":[{"name":"wp","href":"https:\/\/api.w.org\/{rel}","templated":true}]}}